{"id":5629,"date":"2016-12-26T14:50:35","date_gmt":"2016-12-26T13:50:35","guid":{"rendered":"https:\/\/blog.caritas.barcelona\/?p=5629"},"modified":"2017-11-01T14:53:02","modified_gmt":"2017-11-01T13:53:02","slug":"merienda-festiva-con-aramark","status":"publish","type":"post","link":"https:\/\/blog.caritas.barcelona\/es\/entidades-con-corazon\/merienda-festiva-con-aramark\/","title":{"rendered":"Merienda festiva con Aramark"},"content":{"rendered":"<p>Un d\u00edas antes de la fiesta de Navidad y para celebrar entre las familias del Centro Abierto Torre Bar\u00f3 organizamos el festival como cada a\u00f1o.<\/p>\n<p>En este ocasi\u00f3n los distintos grupo del Centro Abierto va prepara diferentes sorpresas: baile, magia, t\u00edteres, algunos hicieron la locuci\u00f3n. Tambi\u00e9n aprovechamos para hacer cagar el ti\u00f3 entre ni\u00f1os, ni\u00f1as y familias.<\/p>\n<p><img loading=\"lazy\" decoding=\"async\" class=\"size-medium wp-image-12649 aligncenter\" src=\"https:\/\/blog.caritas.barcelona\/wp-content\/uploads\/sites\/2\/2017\/05\/P1320644-560x420.jpg\" alt=\"P1320644\" width=\"560\" height=\"420\" \/><\/p>\n<p>Todo termin\u00f3 con el compartir de un &#8220;merienda festivo&#8221;. Esta merienda ha sido posible al apoyo que nos dieron Empresas con coraz\u00f3n, especialmente a trav\u00e9s de Aramark y de Coca-Cola.<\/p>\n<p><img loading=\"lazy\" decoding=\"async\" class=\"size-medium wp-image-12652 aligncenter\" src=\"https:\/\/blog.caritas.barcelona\/wp-content\/uploads\/sites\/2\/2016\/12\/P1320733-560x420.jpg\" alt=\"P1320733\" width=\"560\" height=\"420\" \/><\/p>\n<p>La fiesta ha sido para hacer m\u00e1s familia todav\u00eda y para empezar a vivir y celebrar un tiempo de esperanza que lleva luces en medio del invierno. Disfrutamos, compartimos. Agradecemos mucho estar tan cerca, estar presentes.<\/p>\n<p>Queremos dar muchas gracias de todo coraz\u00f3n a Aramark y Coca-Cola !!!<\/p>\n","protected":false},"excerpt":{"rendered":"<p>Un d\u00edas antes de la fiesta de Navidad y para celebrar entre las familias del Centro Abierto Torre Bar\u00f3 organizamos el festival como cada a\u00f1o. En este ocasi\u00f3n los distintos grupo del Centro Abierto va prepara diferentes sorpresas: baile, magia, t\u00edteres, algunos hicieron la locuci\u00f3n. Tambi\u00e9n aprovechamos para hacer cagar el ti\u00f3 entre ni\u00f1os, ni\u00f1as [&hellip;]<\/p>\n","protected":false},"author":5,"featured_media":0,"comment_status":"open","ping_status":"open","sticky":false,"template":"","format":"standard","meta":{"footnotes":""},"categories":[22],"tags":[202,1276,1114],"autor":[36],"class_list":["post-5629","post","type-post","status-publish","format-standard","hentry","category-entidades-con-corazon","tag-aramark","tag-fiesta-navidad","tag-merienda","autor-caritas-diocesana-de-barcelona-es"],"aioseo_notices":[],"_links":{"self":[{"href":"https:\/\/blog.caritas.barcelona\/es\/wp-json\/wp\/v2\/posts\/5629","targetHints":{"allow":["GET"]}}],"collection":[{"href":"https:\/\/blog.caritas.barcelona\/es\/wp-json\/wp\/v2\/posts"}],"about":[{"href":"https:\/\/blog.caritas.barcelona\/es\/wp-json\/wp\/v2\/types\/post"}],"author":[{"embeddable":true,"href":"https:\/\/blog.caritas.barcelona\/es\/wp-json\/wp\/v2\/users\/5"}],"replies":[{"embeddable":true,"href":"https:\/\/blog.caritas.barcelona\/es\/wp-json\/wp\/v2\/comments?post=5629"}],"version-history":[{"count":2,"href":"https:\/\/blog.caritas.barcelona\/es\/wp-json\/wp\/v2\/posts\/5629\/revisions"}],"predecessor-version":[{"id":5631,"href":"https:\/\/blog.caritas.barcelona\/es\/wp-json\/wp\/v2\/posts\/5629\/revisions\/5631"}],"wp:attachment":[{"href":"https:\/\/blog.caritas.barcelona\/es\/wp-json\/wp\/v2\/media?parent=5629"}],"wp:term":[{"taxonomy":"category","embeddable":true,"href":"https:\/\/blog.caritas.barcelona\/es\/wp-json\/wp\/v2\/categories?post=5629"},{"taxonomy":"post_tag","embeddable":true,"href":"https:\/\/blog.caritas.barcelona\/es\/wp-json\/wp\/v2\/tags?post=5629"},{"taxonomy":"autor","embeddable":true,"href":"https:\/\/blog.caritas.barcelona\/es\/wp-json\/wp\/v2\/autor?post=5629"}],"curies":[{"name":"wp","href":"https:\/\/api.w.org\/{rel}","templated":true}]}}