{"id":5619,"date":"2017-01-12T14:34:24","date_gmt":"2017-01-12T13:34:24","guid":{"rendered":"https:\/\/blog.caritas.barcelona\/?p=5619"},"modified":"2017-11-01T14:36:03","modified_gmt":"2017-11-01T13:36:03","slug":"las-empresas-unilever-ferrero-puig-y-yelp-colaboran-con-caritas-en-la-campana-de-navidad","status":"publish","type":"post","link":"https:\/\/blog.caritas.barcelona\/es\/entidades-con-corazon\/las-empresas-unilever-ferrero-puig-y-yelp-colaboran-con-caritas-en-la-campana-de-navidad\/","title":{"rendered":"Las empresas Unilever, Ferrero, Puig y Yelp colaboran con C\u00e1ritas en la Campa\u00f1a de Navidad"},"content":{"rendered":"<p>Este a\u00f1o para la campa\u00f1a de Navidad, algunas empresas de diferentes \u00e1mbitos han colaborado en favor de C\u00e1ritas Diocesana de Barcelona.<\/p>\n<p><!--more--><\/p>\n<p>Queremos agradecer la colaboraci\u00f3n de las Empresas con Coraz\u00f3n que nos han ayudado: Unilever con una donaci\u00f3n de cremas para las mujeres que atendemos a C\u00e1ritas; Ferrero con la donaci\u00f3n de Kinder por los ni\u00f1os y j\u00f3venes de nuestros centros; Puig con la donaci\u00f3n de colonias por las mujeres, hombres y ancianos que acogemos a C\u00e1ritas Diocesana de Barcelona; Yelp por su donaci\u00f3n de material de merchandising que nos ha servido de regalo para los j\u00f3venes el d\u00eda de Navidad.<\/p>\n<p><a href=\"https:\/\/blog.caritas.barcelona\/wp-content\/uploads\/sites\/2\/2017\/04\/logos.png\"><img loading=\"lazy\" decoding=\"async\" class=\"aligncenter size-medium wp-image-12571\" src=\"https:\/\/blog.caritas.barcelona\/wp-content\/uploads\/sites\/2\/2017\/04\/logos-560x336.png\" alt=\"logos\" width=\"560\" height=\"336\" \/><\/a><\/p>\n<p>Por todo ello y para hacer que las personas que atendemos tengan una Navidad con ilusiones, muchas gracias por su colaboraci\u00f3n incondicional a\u00f1o tras a\u00f1o!<\/p>\n<p>Muchas gracias con coraz\u00f3n !!!<\/p>\n","protected":false},"excerpt":{"rendered":"<p>Este a\u00f1o para la campa\u00f1a de Navidad, algunas empresas de diferentes \u00e1mbitos han colaborado en favor de C\u00e1ritas Diocesana de Barcelona.<\/p>\n","protected":false},"author":5,"featured_media":0,"comment_status":"open","ping_status":"open","sticky":false,"template":"","format":"standard","meta":{"footnotes":""},"categories":[22],"tags":[1271,1224,398,393,750,751],"autor":[36],"class_list":["post-5619","post","type-post","status-publish","format-standard","hentry","category-entidades-con-corazon","tag-campana-navidad","tag-caritas-es","tag-ferrero","tag-puig","tag-unilever","tag-yelp","autor-caritas-diocesana-de-barcelona-es"],"aioseo_notices":[],"_links":{"self":[{"href":"https:\/\/blog.caritas.barcelona\/es\/wp-json\/wp\/v2\/posts\/5619","targetHints":{"allow":["GET"]}}],"collection":[{"href":"https:\/\/blog.caritas.barcelona\/es\/wp-json\/wp\/v2\/posts"}],"about":[{"href":"https:\/\/blog.caritas.barcelona\/es\/wp-json\/wp\/v2\/types\/post"}],"author":[{"embeddable":true,"href":"https:\/\/blog.caritas.barcelona\/es\/wp-json\/wp\/v2\/users\/5"}],"replies":[{"embeddable":true,"href":"https:\/\/blog.caritas.barcelona\/es\/wp-json\/wp\/v2\/comments?post=5619"}],"version-history":[{"count":1,"href":"https:\/\/blog.caritas.barcelona\/es\/wp-json\/wp\/v2\/posts\/5619\/revisions"}],"predecessor-version":[{"id":5620,"href":"https:\/\/blog.caritas.barcelona\/es\/wp-json\/wp\/v2\/posts\/5619\/revisions\/5620"}],"wp:attachment":[{"href":"https:\/\/blog.caritas.barcelona\/es\/wp-json\/wp\/v2\/media?parent=5619"}],"wp:term":[{"taxonomy":"category","embeddable":true,"href":"https:\/\/blog.caritas.barcelona\/es\/wp-json\/wp\/v2\/categories?post=5619"},{"taxonomy":"post_tag","embeddable":true,"href":"https:\/\/blog.caritas.barcelona\/es\/wp-json\/wp\/v2\/tags?post=5619"},{"taxonomy":"autor","embeddable":true,"href":"https:\/\/blog.caritas.barcelona\/es\/wp-json\/wp\/v2\/autor?post=5619"}],"curies":[{"name":"wp","href":"https:\/\/api.w.org\/{rel}","templated":true}]}}