{"id":5617,"date":"2017-01-14T14:31:41","date_gmt":"2017-01-14T13:31:41","guid":{"rendered":"https:\/\/blog.caritas.barcelona\/?p=5617"},"modified":"2017-11-01T14:33:28","modified_gmt":"2017-11-01T13:33:28","slug":"el-hotel-arts-colabora-un-ano-mas-en-la-visita-de-los-reyes-de-oriente-a-glamparetes","status":"publish","type":"post","link":"https:\/\/blog.caritas.barcelona\/es\/entidades-con-corazon\/el-hotel-arts-colabora-un-ano-mas-en-la-visita-de-los-reyes-de-oriente-a-glamparetes\/","title":{"rendered":"El Hotel Arts colabora un a\u00f1o m\u00e1s en la visita de los Reyes de Oriente a Glamparetes"},"content":{"rendered":"<p>Los Reyes de Oriente llegaron a Glamparetes y llevaron regalos destinados a mejorar las herramientas educativas y l\u00fadicas del centro.<\/p>\n<p><!--more--><\/p>\n<p>Agrupados por edades (peque\u00f1os, medianos y grandes), los ni\u00f1os y ni\u00f1as de Glamparetes recogieron los regalos que los Reyes les llevaban desde Oriente. Con la ayuda de las pajes reales, los Reyes conversaron con los ni\u00f1os y ni\u00f1as, pues sus majestades hablan una lengua muy antigua y necesitan una traducci\u00f3n constante para hacerse entender. En este caso, sin embargo, no fueron necesarias palabras para captar la magia del momento en los ojos de los ni\u00f1os y ni\u00f1as.<\/p>\n<p><a href=\"https:\/\/blog.caritas.barcelona\/wp-content\/uploads\/sites\/2\/2017\/04\/Captura-de-pantalla-2017-04-22-a-las-20.54.32.png\"><img loading=\"lazy\" decoding=\"async\" class=\"aligncenter size-medium wp-image-12421\" src=\"https:\/\/blog.caritas.barcelona\/wp-content\/uploads\/sites\/2\/2017\/04\/Captura-de-pantalla-2017-04-22-a-las-20.54.32-560x342.png\" alt=\"Captura de pantalla 2017-04-22 a las 20.54.32\" width=\"560\" height=\"342\" \/><\/a><\/p>\n<p>Glamparetes es un proyecto de C\u00e1ritas Diocesana de Barcelona que ayuda a ni\u00f1os de 6 a 15 a\u00f1os del barrio de la Barceloneta en situaci\u00f3n de riesgo.<\/p>\n<p>La visita de los Reyes fue posible gracias a la colaboraci\u00f3n del Hotel Arts, que tras m\u00e1s de diez a\u00f1os contin\u00faa colaborando activamente con C\u00e1ritas Diocesana de Barcelona. En esta ocasi\u00f3n, los mismos trabajadores del Hotel Arts fueron los que, voluntariamente, vinieron a repartir los regalos a los ni\u00f1os y ni\u00f1as de Glamparetes.<\/p>\n<p>Muchas gracias de todo coraz\u00f3n !!!<\/p>\n","protected":false},"excerpt":{"rendered":"<p>Los Reyes de Oriente llegaron a Glamparetes y llevaron regalos destinados a mejorar las herramientas educativas y l\u00fadicas del centro.<\/p>\n","protected":false},"author":5,"featured_media":0,"comment_status":"open","ping_status":"open","sticky":false,"template":"","format":"standard","meta":{"footnotes":""},"categories":[22],"tags":[1224,1137,410,939,970],"autor":[36],"class_list":["post-5617","post","type-post","status-publish","format-standard","hentry","category-entidades-con-corazon","tag-caritas-es","tag-centro-abierto-glamparetes","tag-hotel-arts","tag-regalos","tag-reyes-magos","autor-caritas-diocesana-de-barcelona-es"],"aioseo_notices":[],"_links":{"self":[{"href":"https:\/\/blog.caritas.barcelona\/es\/wp-json\/wp\/v2\/posts\/5617","targetHints":{"allow":["GET"]}}],"collection":[{"href":"https:\/\/blog.caritas.barcelona\/es\/wp-json\/wp\/v2\/posts"}],"about":[{"href":"https:\/\/blog.caritas.barcelona\/es\/wp-json\/wp\/v2\/types\/post"}],"author":[{"embeddable":true,"href":"https:\/\/blog.caritas.barcelona\/es\/wp-json\/wp\/v2\/users\/5"}],"replies":[{"embeddable":true,"href":"https:\/\/blog.caritas.barcelona\/es\/wp-json\/wp\/v2\/comments?post=5617"}],"version-history":[{"count":1,"href":"https:\/\/blog.caritas.barcelona\/es\/wp-json\/wp\/v2\/posts\/5617\/revisions"}],"predecessor-version":[{"id":5618,"href":"https:\/\/blog.caritas.barcelona\/es\/wp-json\/wp\/v2\/posts\/5617\/revisions\/5618"}],"wp:attachment":[{"href":"https:\/\/blog.caritas.barcelona\/es\/wp-json\/wp\/v2\/media?parent=5617"}],"wp:term":[{"taxonomy":"category","embeddable":true,"href":"https:\/\/blog.caritas.barcelona\/es\/wp-json\/wp\/v2\/categories?post=5617"},{"taxonomy":"post_tag","embeddable":true,"href":"https:\/\/blog.caritas.barcelona\/es\/wp-json\/wp\/v2\/tags?post=5617"},{"taxonomy":"autor","embeddable":true,"href":"https:\/\/blog.caritas.barcelona\/es\/wp-json\/wp\/v2\/autor?post=5617"}],"curies":[{"name":"wp","href":"https:\/\/api.w.org\/{rel}","templated":true}]}}