{"id":5615,"date":"2017-01-18T14:28:33","date_gmt":"2017-01-18T13:28:33","guid":{"rendered":"https:\/\/blog.caritas.barcelona\/?p=5615"},"modified":"2017-11-01T14:30:17","modified_gmt":"2017-11-01T13:30:17","slug":"mesa-redonda-de-buenas-practicas-en-rsc-al-bachelor-de-la-toulouse-business-school-de-barcelona","status":"publish","type":"post","link":"https:\/\/blog.caritas.barcelona\/es\/entidades-con-corazon\/mesa-redonda-de-buenas-practicas-en-rsc-al-bachelor-de-la-toulouse-business-school-de-barcelona\/","title":{"rendered":"Mesa Redonda de Buenas Pr\u00e1cticas en RSC al Bachelor de la Toulouse Business School de Barcelona"},"content":{"rendered":"<p class=\"p1\">El pasado 16 de enero tuvo lugar una Mesa Redonda de Buenas Pr\u00e1cticas en RSC, en ingl\u00e9s, para los alumnos de Bachelor de la Toulouse Business School de Barcelona con una asistencia de 70 estudiantes.<\/p>\n<p class=\"p1\"><!--more--><\/p>\n<p class=\"p1\"><a href=\"https:\/\/blog.caritas.barcelona\/wp-content\/uploads\/sites\/2\/2017\/01\/image001.jpg\"><img loading=\"lazy\" decoding=\"async\" class=\"aligncenter size-medium wp-image-12440\" src=\"https:\/\/blog.caritas.barcelona\/wp-content\/uploads\/sites\/2\/2017\/01\/image001-560x374.jpg\" alt=\"image001\" width=\"560\" height=\"374\" \/><\/a><\/p>\n<p>Present\u00f3 y moder\u00f3 el acto el Director de Estudios Gabriel Z\u00fa\u00f1iga. Intervinieron en Francisco Torras, voluntario de Empresas con Coraz\u00f3n, que explic\u00f3 &#8220;\u00bfQui\u00e9n es y qu\u00e9 hace C\u00e1ritas Diocesana de Barcelona&#8221;, Jordi Sala, Director de Recursos Humanos del Hotel Arts, y Jordi Alavedra, Consultor de Ogilvy &amp; Mather. Se cerr\u00f3 el acto con un breve coloquio.<\/p>\n<p>Muchas gracias de coraz\u00f3n !!!<\/p>\n","protected":false},"excerpt":{"rendered":"<p>El pasado 16 de enero tuvo lugar una Mesa Redonda de Buenas Pr\u00e1cticas en RSC, en ingl\u00e9s, para los alumnos de Bachelor de la Toulouse Business School de Barcelona con una asistencia de 70 estudiantes.<\/p>\n","protected":false},"author":5,"featured_media":0,"comment_status":"open","ping_status":"open","sticky":false,"template":"","format":"standard","meta":{"footnotes":""},"categories":[22],"tags":[936,938,85,487,417,787],"autor":[36],"class_list":["post-5615","post","type-post","status-publish","format-standard","hentry","category-entidades-con-corazon","tag-buenas-practicas","tag-mesa-redonda","tag-rsc","tag-rse","tag-tbs","tag-toulousse-business-school","autor-caritas-diocesana-de-barcelona-es"],"aioseo_notices":[],"_links":{"self":[{"href":"https:\/\/blog.caritas.barcelona\/es\/wp-json\/wp\/v2\/posts\/5615","targetHints":{"allow":["GET"]}}],"collection":[{"href":"https:\/\/blog.caritas.barcelona\/es\/wp-json\/wp\/v2\/posts"}],"about":[{"href":"https:\/\/blog.caritas.barcelona\/es\/wp-json\/wp\/v2\/types\/post"}],"author":[{"embeddable":true,"href":"https:\/\/blog.caritas.barcelona\/es\/wp-json\/wp\/v2\/users\/5"}],"replies":[{"embeddable":true,"href":"https:\/\/blog.caritas.barcelona\/es\/wp-json\/wp\/v2\/comments?post=5615"}],"version-history":[{"count":1,"href":"https:\/\/blog.caritas.barcelona\/es\/wp-json\/wp\/v2\/posts\/5615\/revisions"}],"predecessor-version":[{"id":5616,"href":"https:\/\/blog.caritas.barcelona\/es\/wp-json\/wp\/v2\/posts\/5615\/revisions\/5616"}],"wp:attachment":[{"href":"https:\/\/blog.caritas.barcelona\/es\/wp-json\/wp\/v2\/media?parent=5615"}],"wp:term":[{"taxonomy":"category","embeddable":true,"href":"https:\/\/blog.caritas.barcelona\/es\/wp-json\/wp\/v2\/categories?post=5615"},{"taxonomy":"post_tag","embeddable":true,"href":"https:\/\/blog.caritas.barcelona\/es\/wp-json\/wp\/v2\/tags?post=5615"},{"taxonomy":"autor","embeddable":true,"href":"https:\/\/blog.caritas.barcelona\/es\/wp-json\/wp\/v2\/autor?post=5615"}],"curies":[{"name":"wp","href":"https:\/\/api.w.org\/{rel}","templated":true}]}}