{"id":5611,"date":"2017-01-29T14:23:24","date_gmt":"2017-01-29T13:23:24","guid":{"rendered":"https:\/\/blog.caritas.barcelona\/?p=5611"},"modified":"2017-11-01T14:24:39","modified_gmt":"2017-11-01T13:24:39","slug":"cementerios-de-barcelona-renueva-su-compromiso-con-caritas","status":"publish","type":"post","link":"https:\/\/blog.caritas.barcelona\/es\/entidades-con-corazon\/cementerios-de-barcelona-renueva-su-compromiso-con-caritas\/","title":{"rendered":"Cementerios de Barcelona renueva su compromiso con C\u00e1ritas"},"content":{"rendered":"<p class=\"x_MsoNormal\">Un a\u00f1o m\u00e1s Cementerios de Barcelona ha rubricado su compromiso con C\u00e1ritas Diocesana de Barcelona.<\/p>\n<p class=\"x_MsoNormal\"><!--more--><\/p>\n<p class=\"x_MsoNormal\">El acuerdo contempla una aportaci\u00f3n econ\u00f3mica y servicios especiales gratuitos para personas sin recursos.<\/p>\n<p class=\"x_MsoNormal\"><img loading=\"lazy\" decoding=\"async\" class=\"aligncenter size-large wp-image-14963\" src=\"https:\/\/blog.caritas.barcelona\/wp-content\/uploads\/sites\/2\/2017\/01\/2017-1-9_Signatura-acord-Caritas-Cementiris-1024x678.jpg\" alt=\"\" width=\"525\" height=\"348\" \/><\/p>\n<p class=\"x_MsoNormal\">Queremos agradecer a Cementerios de Barcelona su continuada colaboraci\u00f3n!<\/p>\n","protected":false},"excerpt":{"rendered":"<p>Un a\u00f1o m\u00e1s Cementerios de Barcelona ha rubricado su compromiso con C\u00e1ritas Diocesana de Barcelona.<\/p>\n","protected":false},"author":5,"featured_media":0,"comment_status":"open","ping_status":"open","sticky":false,"template":"","format":"standard","meta":{"footnotes":""},"categories":[22],"tags":[1224,1268],"autor":[36],"class_list":["post-5611","post","type-post","status-publish","format-standard","hentry","category-entidades-con-corazon","tag-caritas-es","tag-cementiris-barcelona","autor-caritas-diocesana-de-barcelona-es"],"aioseo_notices":[],"_links":{"self":[{"href":"https:\/\/blog.caritas.barcelona\/es\/wp-json\/wp\/v2\/posts\/5611","targetHints":{"allow":["GET"]}}],"collection":[{"href":"https:\/\/blog.caritas.barcelona\/es\/wp-json\/wp\/v2\/posts"}],"about":[{"href":"https:\/\/blog.caritas.barcelona\/es\/wp-json\/wp\/v2\/types\/post"}],"author":[{"embeddable":true,"href":"https:\/\/blog.caritas.barcelona\/es\/wp-json\/wp\/v2\/users\/5"}],"replies":[{"embeddable":true,"href":"https:\/\/blog.caritas.barcelona\/es\/wp-json\/wp\/v2\/comments?post=5611"}],"version-history":[{"count":1,"href":"https:\/\/blog.caritas.barcelona\/es\/wp-json\/wp\/v2\/posts\/5611\/revisions"}],"predecessor-version":[{"id":5612,"href":"https:\/\/blog.caritas.barcelona\/es\/wp-json\/wp\/v2\/posts\/5611\/revisions\/5612"}],"wp:attachment":[{"href":"https:\/\/blog.caritas.barcelona\/es\/wp-json\/wp\/v2\/media?parent=5611"}],"wp:term":[{"taxonomy":"category","embeddable":true,"href":"https:\/\/blog.caritas.barcelona\/es\/wp-json\/wp\/v2\/categories?post=5611"},{"taxonomy":"post_tag","embeddable":true,"href":"https:\/\/blog.caritas.barcelona\/es\/wp-json\/wp\/v2\/tags?post=5611"},{"taxonomy":"autor","embeddable":true,"href":"https:\/\/blog.caritas.barcelona\/es\/wp-json\/wp\/v2\/autor?post=5611"}],"curies":[{"name":"wp","href":"https:\/\/api.w.org\/{rel}","templated":true}]}}