{"id":5601,"date":"2017-02-02T14:03:45","date_gmt":"2017-02-02T13:03:45","guid":{"rendered":"https:\/\/blog.caritas.barcelona\/?p=5601"},"modified":"2017-11-01T14:08:44","modified_gmt":"2017-11-01T13:08:44","slug":"concierto-solidario-de-cumpleanos-rocksound-a-favor-de-caritas","status":"publish","type":"post","link":"https:\/\/blog.caritas.barcelona\/es\/entidades-con-corazon\/concierto-solidario-de-cumpleanos-rocksound-a-favor-de-caritas\/","title":{"rendered":"Concierto solidario de cumplea\u00f1os RockSound a favor de C\u00e1ritas"},"content":{"rendered":"<p class=\"x_MsoNormal\">La Merc\u00e8 Mateo, voluntaria de Clubes con Coraz\u00f3n, tuvo una iniciativa solidaria y organiz\u00f3 un Concierto Solidario RockSound por su cumplea\u00f1os.<\/p>\n<p class=\"x_MsoNormal\"><!--more--><\/p>\n<p class=\"x_MsoNormal\">El regalo por parte de los asistentes fueron alimentos destinados a las personas que atendemos en C\u00e1ritas. Adem\u00e1s, THE BAND, la banda, actu\u00f3 gratuitamente y el Ayuntamiento cedi\u00f3 la sala.<\/p>\n<p class=\"x_MsoNormal\"><a href=\"https:\/\/blog.caritas.barcelona\/wp-content\/uploads\/sites\/2\/2017\/04\/IMG-20170124-WA0008.jpg\"><img loading=\"lazy\" decoding=\"async\" class=\"aligncenter size-medium wp-image-12460\" src=\"https:\/\/blog.caritas.barcelona\/wp-content\/uploads\/sites\/2\/2017\/04\/IMG-20170124-WA0008-560x420.jpg\" alt=\"IMG-20170124-WA0008\" width=\"560\" height=\"420\" \/><\/a><\/p>\n<p>En palabras de la Merced Mateo: &#8220;El saco de C\u00e1ritas para poner los alimentos de los asistentes se llen\u00f3 en segundos&#8221;. La fiesta de cumplea\u00f1os fue muy especial: &#8220;Han venido dispuestos a pasarlo bien y sobre todo contribuir a la recogida de alimentos&#8221;.<\/p>\n<p>Al finalizar la fiesta, la Merced nos cuenta: &#8220;Ha sido un \u00e9xito. La gran participaci\u00f3n, el inter\u00e9s por saber a donde ir\u00e1n destinados los alimentos y el inter\u00e9s por C\u00e1ritas. Sin duda intentar\u00e1 repetir el pr\u00f3ximo a\u00f1o&#8221;.<\/p>\n<p>Muchas gracias CON CORAZ\u00d3N !!!<\/p>\n","protected":false},"excerpt":{"rendered":"<p>La Merc\u00e8 Mateo, voluntaria de Clubes con Coraz\u00f3n, tuvo una iniciativa solidaria y organiz\u00f3 un Concierto Solidario RockSound por su cumplea\u00f1os.<\/p>\n","protected":false},"author":5,"featured_media":0,"comment_status":"open","ping_status":"open","sticky":false,"template":"","format":"standard","meta":{"footnotes":""},"categories":[22],"tags":[1224,1264,706],"autor":[36],"class_list":["post-5601","post","type-post","status-publish","format-standard","hentry","category-entidades-con-corazon","tag-caritas-es","tag-concierto-solidario","tag-rocksounds","autor-caritas-diocesana-de-barcelona-es"],"aioseo_notices":[],"_links":{"self":[{"href":"https:\/\/blog.caritas.barcelona\/es\/wp-json\/wp\/v2\/posts\/5601","targetHints":{"allow":["GET"]}}],"collection":[{"href":"https:\/\/blog.caritas.barcelona\/es\/wp-json\/wp\/v2\/posts"}],"about":[{"href":"https:\/\/blog.caritas.barcelona\/es\/wp-json\/wp\/v2\/types\/post"}],"author":[{"embeddable":true,"href":"https:\/\/blog.caritas.barcelona\/es\/wp-json\/wp\/v2\/users\/5"}],"replies":[{"embeddable":true,"href":"https:\/\/blog.caritas.barcelona\/es\/wp-json\/wp\/v2\/comments?post=5601"}],"version-history":[{"count":1,"href":"https:\/\/blog.caritas.barcelona\/es\/wp-json\/wp\/v2\/posts\/5601\/revisions"}],"predecessor-version":[{"id":5602,"href":"https:\/\/blog.caritas.barcelona\/es\/wp-json\/wp\/v2\/posts\/5601\/revisions\/5602"}],"wp:attachment":[{"href":"https:\/\/blog.caritas.barcelona\/es\/wp-json\/wp\/v2\/media?parent=5601"}],"wp:term":[{"taxonomy":"category","embeddable":true,"href":"https:\/\/blog.caritas.barcelona\/es\/wp-json\/wp\/v2\/categories?post=5601"},{"taxonomy":"post_tag","embeddable":true,"href":"https:\/\/blog.caritas.barcelona\/es\/wp-json\/wp\/v2\/tags?post=5601"},{"taxonomy":"autor","embeddable":true,"href":"https:\/\/blog.caritas.barcelona\/es\/wp-json\/wp\/v2\/autor?post=5601"}],"curies":[{"name":"wp","href":"https:\/\/api.w.org\/{rel}","templated":true}]}}