{"id":5591,"date":"2017-04-03T13:47:39","date_gmt":"2017-04-03T11:47:39","guid":{"rendered":"https:\/\/blog.caritas.barcelona\/?p=5591"},"modified":"2023-10-09T10:21:10","modified_gmt":"2023-10-09T08:21:10","slug":"barcelona-turismo-renueva-su-compromiso-con-caritas","status":"publish","type":"post","link":"https:\/\/blog.caritas.barcelona\/es\/entidades-con-corazon\/barcelona-turismo-renueva-su-compromiso-con-caritas\/","title":{"rendered":"Barcelona Turismo renueva su compromiso con C\u00e1ritas"},"content":{"rendered":"<p class=\"x_MsoNormal\"><b><\/b>Un a\u00f1o m\u00e1s C\u00e1ritas Diocesana de Barcelona ha recibido las aportaciones de las personas que compran on-line las entradas de los servicios que ofrece Barcelona Turismo y el dinero que se han recogido de la hucha solidaria del punto de informaci\u00f3n de plaza Catalu\u00f1a.<\/p>\n<p class=\"x_MsoNormal\"><img loading=\"lazy\" decoding=\"async\" class=\"aligncenter wp-image-12489 size-medium\" src=\"https:\/\/blog.caritas.barcelona\/wp-content\/uploads\/sites\/2\/2017\/04\/Barcelona-Turisme-560x361.jpg\" alt=\"Barcelona Turisme\" width=\"560\" height=\"361\" \/><\/p>\n<p class=\"x_MsoNormal\">Desde C\u00e1ritas Diocesana de Barcelona queremos dar las gracias de todo coraz\u00f3n a Barcelona Turismo para estar un a\u00f1o m\u00e1s a nuestro lado!<\/p>\n","protected":false},"excerpt":{"rendered":"<p>Un a\u00f1o m\u00e1s C\u00e1ritas Diocesana de Barcelona ha recibido las aportaciones de las personas que compran on-line las entradas de los servicios que ofrece Barcelona Turismo y el dinero que se han recogido de la hucha solidaria del punto de informaci\u00f3n de plaza Catalu\u00f1a. Desde C\u00e1ritas Diocesana de Barcelona queremos dar las gracias de todo [&hellip;]<\/p>\n","protected":false},"author":5,"featured_media":0,"comment_status":"closed","ping_status":"closed","sticky":false,"template":"","format":"standard","meta":{"footnotes":""},"categories":[22],"tags":[1111,1224],"autor":[36],"class_list":["post-5591","post","type-post","status-publish","format-standard","hentry","category-entidades-con-corazon","tag-barcelona-turismo","tag-caritas-es","autor-caritas-diocesana-de-barcelona-es"],"aioseo_notices":[],"_links":{"self":[{"href":"https:\/\/blog.caritas.barcelona\/es\/wp-json\/wp\/v2\/posts\/5591","targetHints":{"allow":["GET"]}}],"collection":[{"href":"https:\/\/blog.caritas.barcelona\/es\/wp-json\/wp\/v2\/posts"}],"about":[{"href":"https:\/\/blog.caritas.barcelona\/es\/wp-json\/wp\/v2\/types\/post"}],"author":[{"embeddable":true,"href":"https:\/\/blog.caritas.barcelona\/es\/wp-json\/wp\/v2\/users\/5"}],"replies":[{"embeddable":true,"href":"https:\/\/blog.caritas.barcelona\/es\/wp-json\/wp\/v2\/comments?post=5591"}],"version-history":[{"count":2,"href":"https:\/\/blog.caritas.barcelona\/es\/wp-json\/wp\/v2\/posts\/5591\/revisions"}],"predecessor-version":[{"id":13296,"href":"https:\/\/blog.caritas.barcelona\/es\/wp-json\/wp\/v2\/posts\/5591\/revisions\/13296"}],"wp:attachment":[{"href":"https:\/\/blog.caritas.barcelona\/es\/wp-json\/wp\/v2\/media?parent=5591"}],"wp:term":[{"taxonomy":"category","embeddable":true,"href":"https:\/\/blog.caritas.barcelona\/es\/wp-json\/wp\/v2\/categories?post=5591"},{"taxonomy":"post_tag","embeddable":true,"href":"https:\/\/blog.caritas.barcelona\/es\/wp-json\/wp\/v2\/tags?post=5591"},{"taxonomy":"autor","embeddable":true,"href":"https:\/\/blog.caritas.barcelona\/es\/wp-json\/wp\/v2\/autor?post=5591"}],"curies":[{"name":"wp","href":"https:\/\/api.w.org\/{rel}","templated":true}]}}