{"id":5575,"date":"2016-10-12T13:15:50","date_gmt":"2016-10-12T11:15:50","guid":{"rendered":"https:\/\/blog.caritas.barcelona\/?p=5575"},"modified":"2023-08-15T16:00:51","modified_gmt":"2023-08-15T14:00:51","slug":"los-colegios-mayores-de-la-ub-apoyo-a-caritas","status":"publish","type":"post","link":"https:\/\/blog.caritas.barcelona\/es\/entidades-con-corazon\/los-colegios-mayores-de-la-ub-apoyo-a-caritas\/","title":{"rendered":"Los Colegios Mayores de la UB, apoyo a C\u00e1ritas"},"content":{"rendered":"<p style=\"text-align: justify;\">El pasado 10 de octubre tuvo lugar una entrevista de <a href=\"https:\/\/www.penyafort.ub.edu\/\">C\u00e1ritas con los Colegios Mayores de la UB<\/a>, a fin de llevar a cabo, durante este curso, una conferencia sobre &#8220;Migraci\u00f3n y refugiados&#8221;, una Mesa Redonda y un reto solidario por parte de los colegiales, destinado a cubrir algunas de las necesidades b\u00e1sicas definidas por C\u00e1ritas.<br \/>\n<!--more--><\/p>\n<p>A la reuni\u00f3n asistieron Montserrat Lavado, Directora de los CM, Luis Pla, Jefe de Estudios de los CM, y Jaime Rodr\u00edguez y V\u00edctor Jerez, voluntarios de C\u00e1ritas.<\/p>\n<p>Desde C\u00e1ritas damos las gracias a los Colegios Mayores Penyafort-Montserrat-Llull por contar con nosotros para sensibilizar a sus estudiantes. Esperamos que este curso 2016-17 sea muy provechoso. GRACIAS CON CORAZ\u00d3N !!<\/p>\n<p style=\"text-align: justify;\"><img loading=\"lazy\" decoding=\"async\" class=\"alignnone wp-image-12088 size-large\" src=\"https:\/\/blog.caritas.barcelona\/wp-content\/uploads\/sites\/2\/2016\/10\/cm-ub-1024x485.png\" alt=\"\" width=\"525\" height=\"249\" \/><\/p>\n","protected":false},"excerpt":{"rendered":"<p>El pasado 10 de octubre tuvo lugar una entrevista de C\u00e1ritas con los Colegios Mayores de la UB, a fin de llevar a cabo, durante este curso, una conferencia sobre &#8220;Migraci\u00f3n y refugiados&#8221;, una Mesa Redonda y un reto solidario por parte de los colegiales, destinado a cubrir algunas de las necesidades b\u00e1sicas definidas por [&hellip;]<\/p>\n","protected":false},"author":5,"featured_media":0,"comment_status":"closed","ping_status":"closed","sticky":false,"template":"","format":"standard","meta":{"footnotes":""},"categories":[22],"tags":[1224,895,1254,2102],"autor":[36],"class_list":["post-5575","post","type-post","status-publish","format-standard","hentry","category-entidades-con-corazon","tag-caritas-es","tag-conferencia","tag-migracion-y-refugiados","tag-ub-es","autor-caritas-diocesana-de-barcelona-es"],"aioseo_notices":[],"_links":{"self":[{"href":"https:\/\/blog.caritas.barcelona\/es\/wp-json\/wp\/v2\/posts\/5575","targetHints":{"allow":["GET"]}}],"collection":[{"href":"https:\/\/blog.caritas.barcelona\/es\/wp-json\/wp\/v2\/posts"}],"about":[{"href":"https:\/\/blog.caritas.barcelona\/es\/wp-json\/wp\/v2\/types\/post"}],"author":[{"embeddable":true,"href":"https:\/\/blog.caritas.barcelona\/es\/wp-json\/wp\/v2\/users\/5"}],"replies":[{"embeddable":true,"href":"https:\/\/blog.caritas.barcelona\/es\/wp-json\/wp\/v2\/comments?post=5575"}],"version-history":[{"count":2,"href":"https:\/\/blog.caritas.barcelona\/es\/wp-json\/wp\/v2\/posts\/5575\/revisions"}],"predecessor-version":[{"id":13156,"href":"https:\/\/blog.caritas.barcelona\/es\/wp-json\/wp\/v2\/posts\/5575\/revisions\/13156"}],"wp:attachment":[{"href":"https:\/\/blog.caritas.barcelona\/es\/wp-json\/wp\/v2\/media?parent=5575"}],"wp:term":[{"taxonomy":"category","embeddable":true,"href":"https:\/\/blog.caritas.barcelona\/es\/wp-json\/wp\/v2\/categories?post=5575"},{"taxonomy":"post_tag","embeddable":true,"href":"https:\/\/blog.caritas.barcelona\/es\/wp-json\/wp\/v2\/tags?post=5575"},{"taxonomy":"autor","embeddable":true,"href":"https:\/\/blog.caritas.barcelona\/es\/wp-json\/wp\/v2\/autor?post=5575"}],"curies":[{"name":"wp","href":"https:\/\/api.w.org\/{rel}","templated":true}]}}