{"id":5556,"date":"2017-05-03T12:40:58","date_gmt":"2017-05-03T10:40:58","guid":{"rendered":"https:\/\/blog.caritas.barcelona\/?p=5556"},"modified":"2017-11-01T12:43:02","modified_gmt":"2017-11-01T11:43:02","slug":"mona-solidaria-del-reial-club-de-polo-de-barcelona-en-favor-del-projecte-paidos-de-sant-adria-de-besos","status":"publish","type":"post","link":"https:\/\/blog.caritas.barcelona\/es\/entidades-con-corazon\/mona-solidaria-del-reial-club-de-polo-de-barcelona-en-favor-del-projecte-paidos-de-sant-adria-de-besos\/","title":{"rendered":"Mona solid\u00e0ria del Reial Club de Polo de Barcelona en favor del projecte PAID\u00d3S de Sant Adri\u00e0 de Bes\u00f2s"},"content":{"rendered":"<p>Mona solidaria del Real Club de Polo de Barcelona en favor del proyecto Paid\u00f3s de Sant Adri\u00e0 de Bes\u00f2s<\/p>\n<p><!--more--><\/p>\n<p>Durante el acto se cont\u00f3 con la presencia del tenista Alex Corretja, Embajador con Coraz\u00f3n de C\u00e1ritas Diocesana de Barcelona y encargado de recibir la mona de parte del Real Club de Polo.<\/p>\n<p>Al iniciar el acto, Luis Comas, Presidente de la Fundaci\u00f3n Real Club de Polo de Barcelona, agradeci\u00f3 a C\u00e1ritas su tarea: &#8220;Es un lujo colaborar con C\u00e1ritas, y queremos agradecer la oportunidad que nos brinda la entidad para colaborar a\u00f1o tras a\u00f1o en esta hermosa acci\u00f3n &#8220;.<\/p>\n<p><a href=\"https:\/\/blog.caritas.barcelona\/wp-content\/uploads\/sites\/2\/2017\/04\/20170404_MONA_SOLIDARIA_CLUB_POLO-69.jpg\"><img loading=\"lazy\" decoding=\"async\" class=\"aligncenter size-medium wp-image-12588\" src=\"https:\/\/blog.caritas.barcelona\/wp-content\/uploads\/sites\/2\/2017\/04\/20170404_MONA_SOLIDARIA_CLUB_POLO-69-560x420.jpg\" alt=\"20170404_MONA_SOLIDARIA_CLUB_POLO (69)\" width=\"560\" height=\"420\" \/><\/a><\/p>\n<p>En nombre de C\u00e1ritas Diocesana de Barcelona, Ferran Casamitjana quiso agradecer la colaboraci\u00f3n y solidaridad del Real Club de Polo de Barcelona e hizo valer la tarea que hace el club por medio de las estancias deportivas.<\/p>\n<p>Desde C\u00e1ritas Diocesana de Barcelona queremos dar las gracias de todo coraz\u00f3n a la Fundaci\u00f3n Real Club de Polo de Barcelona!!!<\/p>\n","protected":false},"excerpt":{"rendered":"<p>Mona solidaria del Real Club de Polo de Barcelona en favor del proyecto Paid\u00f3s de Sant Adri\u00e0 de Bes\u00f2s<\/p>\n","protected":false},"author":5,"featured_media":0,"comment_status":"open","ping_status":"open","sticky":false,"template":"","format":"standard","meta":{"footnotes":""},"categories":[22],"tags":[1224,1245,831],"autor":[36],"class_list":["post-5556","post","type-post","status-publish","format-standard","hentry","category-entidades-con-corazon","tag-caritas-es","tag-mona-solidaria","tag-real-club-de-polo-de-barcelona","autor-caritas-diocesana-de-barcelona-es"],"aioseo_notices":[],"_links":{"self":[{"href":"https:\/\/blog.caritas.barcelona\/es\/wp-json\/wp\/v2\/posts\/5556","targetHints":{"allow":["GET"]}}],"collection":[{"href":"https:\/\/blog.caritas.barcelona\/es\/wp-json\/wp\/v2\/posts"}],"about":[{"href":"https:\/\/blog.caritas.barcelona\/es\/wp-json\/wp\/v2\/types\/post"}],"author":[{"embeddable":true,"href":"https:\/\/blog.caritas.barcelona\/es\/wp-json\/wp\/v2\/users\/5"}],"replies":[{"embeddable":true,"href":"https:\/\/blog.caritas.barcelona\/es\/wp-json\/wp\/v2\/comments?post=5556"}],"version-history":[{"count":1,"href":"https:\/\/blog.caritas.barcelona\/es\/wp-json\/wp\/v2\/posts\/5556\/revisions"}],"predecessor-version":[{"id":5557,"href":"https:\/\/blog.caritas.barcelona\/es\/wp-json\/wp\/v2\/posts\/5556\/revisions\/5557"}],"wp:attachment":[{"href":"https:\/\/blog.caritas.barcelona\/es\/wp-json\/wp\/v2\/media?parent=5556"}],"wp:term":[{"taxonomy":"category","embeddable":true,"href":"https:\/\/blog.caritas.barcelona\/es\/wp-json\/wp\/v2\/categories?post=5556"},{"taxonomy":"post_tag","embeddable":true,"href":"https:\/\/blog.caritas.barcelona\/es\/wp-json\/wp\/v2\/tags?post=5556"},{"taxonomy":"autor","embeddable":true,"href":"https:\/\/blog.caritas.barcelona\/es\/wp-json\/wp\/v2\/autor?post=5556"}],"curies":[{"name":"wp","href":"https:\/\/api.w.org\/{rel}","templated":true}]}}