{"id":5554,"date":"2017-04-28T12:37:52","date_gmt":"2017-04-28T10:37:52","guid":{"rendered":"https:\/\/blog.caritas.barcelona\/?p=5554"},"modified":"2023-10-09T09:58:38","modified_gmt":"2023-10-09T07:58:38","slug":"plataforma-editorial-da-libros-por-sant-jordi-a-caritas","status":"publish","type":"post","link":"https:\/\/blog.caritas.barcelona\/es\/entidades-con-corazon\/plataforma-editorial-da-libros-por-sant-jordi-a-caritas\/","title":{"rendered":"Plataforma Editorial da libros por Sant Jordi a C\u00e1ritas"},"content":{"rendered":"<p>Plataforma Editorial ha dado unos libros a C\u00e1ritas para este Sant Jordi.<\/p>\n<p><!--more--><\/p>\n<p>Una parte de estos libros los han destinado a los Voluntarios de C\u00e1ritas como AGRIM por su labor y otra parte los han destinado a la Tercera Edad que se atiende desde C\u00e1ritas.<\/p>\n<p><img loading=\"lazy\" decoding=\"async\" class=\"aligncenter wp-image-12583 size-medium\" src=\"https:\/\/blog.caritas.barcelona\/wp-content\/uploads\/sites\/2\/2017\/04\/IMG_20170404_120231-560x314.jpg\" alt=\"IMG_20170404_120231\" width=\"560\" height=\"314\" \/><\/p>\n<p>Adem\u00e1s, tambi\u00e9n han dado libros por los centros de refuerzo de lengua Aurora, para hacer una peque\u00f1a biblioteca para los ni\u00f1os y ni\u00f1as.<\/p>\n<p>Desde C\u00e1ritas Diocesana de Barcelona queremos dar muchas gracias con coraz\u00f3n a Plataforma Editorial por su colaboraci\u00f3n.<\/p>\n","protected":false},"excerpt":{"rendered":"<p>Plataforma Editorial ha dado unos libros a C\u00e1ritas para este Sant Jordi.<\/p>\n","protected":false},"author":5,"featured_media":0,"comment_status":"closed","ping_status":"closed","sticky":false,"template":"","format":"standard","meta":{"footnotes":""},"categories":[22],"tags":[1224,757,759],"autor":[36],"class_list":["post-5554","post","type-post","status-publish","format-standard","hentry","category-entidades-con-corazon","tag-caritas-es","tag-plataforma-editorial","tag-sant-jordi","autor-caritas-diocesana-de-barcelona-es"],"aioseo_notices":[],"_links":{"self":[{"href":"https:\/\/blog.caritas.barcelona\/es\/wp-json\/wp\/v2\/posts\/5554","targetHints":{"allow":["GET"]}}],"collection":[{"href":"https:\/\/blog.caritas.barcelona\/es\/wp-json\/wp\/v2\/posts"}],"about":[{"href":"https:\/\/blog.caritas.barcelona\/es\/wp-json\/wp\/v2\/types\/post"}],"author":[{"embeddable":true,"href":"https:\/\/blog.caritas.barcelona\/es\/wp-json\/wp\/v2\/users\/5"}],"replies":[{"embeddable":true,"href":"https:\/\/blog.caritas.barcelona\/es\/wp-json\/wp\/v2\/comments?post=5554"}],"version-history":[{"count":2,"href":"https:\/\/blog.caritas.barcelona\/es\/wp-json\/wp\/v2\/posts\/5554\/revisions"}],"predecessor-version":[{"id":13260,"href":"https:\/\/blog.caritas.barcelona\/es\/wp-json\/wp\/v2\/posts\/5554\/revisions\/13260"}],"wp:attachment":[{"href":"https:\/\/blog.caritas.barcelona\/es\/wp-json\/wp\/v2\/media?parent=5554"}],"wp:term":[{"taxonomy":"category","embeddable":true,"href":"https:\/\/blog.caritas.barcelona\/es\/wp-json\/wp\/v2\/categories?post=5554"},{"taxonomy":"post_tag","embeddable":true,"href":"https:\/\/blog.caritas.barcelona\/es\/wp-json\/wp\/v2\/tags?post=5554"},{"taxonomy":"autor","embeddable":true,"href":"https:\/\/blog.caritas.barcelona\/es\/wp-json\/wp\/v2\/autor?post=5554"}],"curies":[{"name":"wp","href":"https:\/\/api.w.org\/{rel}","templated":true}]}}