{"id":5550,"date":"2017-04-22T12:30:22","date_gmt":"2017-04-22T10:30:22","guid":{"rendered":"https:\/\/blog.caritas.barcelona\/?p=5550"},"modified":"2017-11-01T12:33:49","modified_gmt":"2017-11-01T11:33:49","slug":"v-thinking-challenge-en-la-uao-ceu-organizado-por-su-club-de-emprendedores","status":"publish","type":"post","link":"https:\/\/blog.caritas.barcelona\/es\/entidades-con-corazon\/v-thinking-challenge-en-la-uao-ceu-organizado-por-su-club-de-emprendedores\/","title":{"rendered":"V Thinking Challenge en la UAO CEU organizado por su Club de Emprendedores"},"content":{"rendered":"<p>La quinta edici\u00f3n del V Thinking Challenge en la UAO CEU organizada por su Club de Emprendedores tuvo lugar los d\u00edas 19 y 20 de abril.<\/p>\n<p>Presidi\u00f3 la apertura la Vicerrectora de Estudiantes y Calidad, Dra. Maite Signes, quien felicit\u00f3 al Club de Emprendedores por la continuidad en la celebraci\u00f3n de este acto. A continuaci\u00f3n, en Fernando Porta, voluntario responsable del grupo de Universidades con Coraz\u00f3n y representante de C\u00e1ritas Diocesana de Barcelona, \u200b\u200bcoment\u00f3 la desgraciada realidad del tema escogido &#8220;La desigualdad social en Barcelona&#8221; y orient\u00f3 a los asistentes en el enfoque del proyecto a desarrollar.<\/p>\n<p>El representante del Club de Emprendedores detall\u00f3 el programa del &#8220;Hakathon Day&#8221;. Se formaron ocho equipos de estudiantes, cada uno integrados por alumnos de la UAO CEU, de distintas universidades de Barrcelona y, incluso, para estudiantes de los CEU de Madrid y Valencia. Hab\u00eda unos asesores externos para resolver las dudas econ\u00f3micos, fiscales y laborales. Participaron 49 estudiantes.<\/p>\n<p><img loading=\"lazy\" decoding=\"async\" class=\"size-medium wp-image-12620 aligncenter\" src=\"https:\/\/blog.caritas.barcelona\/wp-content\/uploads\/sites\/2\/2017\/05\/FOTO-UAO-CEU-20-04-2017-560x373.jpg\" alt=\"FOTO UAO CEU 20-04-2017\" width=\"560\" height=\"373\" \/><\/p>\n<p>Al d\u00eda siguiente se reuni\u00f3 el Jurado, de seis miembros, siendo en Fernando Puerta el representante de C\u00e1ritas Diocesana de Barcelona, \u200b\u200bpara deliberar sobre los ocho proyectos elaborados. Al Acto de Entrega de Premios asistieron el Delegado Episcopal de CDB, Mn. Salvador Bacardit, y los voluntarios de Entidades con Coraz\u00f3n, Mar\u00eda Luisa Yzaguirre y Ramon Bretcha. La apertura estuvo a cargo del Rector, Dr. Carlos P\u00e9rez del Valle.<\/p>\n<p>Los portavoces de los equipos hicieron una breve presentaci\u00f3n de los trabajos ante unas 100 personas entre las que unos 80 estudiantes. A continuaci\u00f3n, Mn. Salvador Bacardit entreg\u00f3 el premio al mejor emprendedor y en una corta intervenci\u00f3n estimul\u00f3 a todos los participantes en la l\u00ednea del compromiso social.<\/p>\n<p>El Rector hizo en manos el premio a los miembros del equipo ganador y cerr\u00f3 el acto.<\/p>\n<p>Queremos dar gracias de todo coraz\u00f3n al Club de Emprendedores y en la Universidad Abat Oliba CEU para la celebraci\u00f3n de este evento y el contenido social en el que se fundamenta!<\/p>\n","protected":false},"excerpt":{"rendered":"<p>La quinta edici\u00f3n del V Thinking Challenge en la UAO CEU organizada por su Club de Emprendedores tuvo lugar los d\u00edas 19 y 20 de abril. Presidi\u00f3 la apertura la Vicerrectora de Estudiantes y Calidad, Dra. Maite Signes, quien felicit\u00f3 al Club de Emprendedores por la continuidad en la celebraci\u00f3n de este acto. A continuaci\u00f3n, [&hellip;]<\/p>\n","protected":false},"author":5,"featured_media":0,"comment_status":"open","ping_status":"open","sticky":false,"template":"","format":"standard","meta":{"footnotes":""},"categories":[22],"tags":[1224,470,1242,74,1241],"autor":[36],"class_list":["post-5550","post","type-post","status-publish","format-standard","hentry","category-entidades-con-corazon","tag-caritas-es","tag-ceu","tag-hakathon-day","tag-uao","tag-v-thinking-challenge","autor-caritas-diocesana-de-barcelona-es"],"aioseo_notices":[],"_links":{"self":[{"href":"https:\/\/blog.caritas.barcelona\/es\/wp-json\/wp\/v2\/posts\/5550","targetHints":{"allow":["GET"]}}],"collection":[{"href":"https:\/\/blog.caritas.barcelona\/es\/wp-json\/wp\/v2\/posts"}],"about":[{"href":"https:\/\/blog.caritas.barcelona\/es\/wp-json\/wp\/v2\/types\/post"}],"author":[{"embeddable":true,"href":"https:\/\/blog.caritas.barcelona\/es\/wp-json\/wp\/v2\/users\/5"}],"replies":[{"embeddable":true,"href":"https:\/\/blog.caritas.barcelona\/es\/wp-json\/wp\/v2\/comments?post=5550"}],"version-history":[{"count":1,"href":"https:\/\/blog.caritas.barcelona\/es\/wp-json\/wp\/v2\/posts\/5550\/revisions"}],"predecessor-version":[{"id":5551,"href":"https:\/\/blog.caritas.barcelona\/es\/wp-json\/wp\/v2\/posts\/5550\/revisions\/5551"}],"wp:attachment":[{"href":"https:\/\/blog.caritas.barcelona\/es\/wp-json\/wp\/v2\/media?parent=5550"}],"wp:term":[{"taxonomy":"category","embeddable":true,"href":"https:\/\/blog.caritas.barcelona\/es\/wp-json\/wp\/v2\/categories?post=5550"},{"taxonomy":"post_tag","embeddable":true,"href":"https:\/\/blog.caritas.barcelona\/es\/wp-json\/wp\/v2\/tags?post=5550"},{"taxonomy":"autor","embeddable":true,"href":"https:\/\/blog.caritas.barcelona\/es\/wp-json\/wp\/v2\/autor?post=5550"}],"curies":[{"name":"wp","href":"https:\/\/api.w.org\/{rel}","templated":true}]}}