{"id":5544,"date":"2017-04-30T12:21:22","date_gmt":"2017-04-30T10:21:22","guid":{"rendered":"https:\/\/blog.caritas.barcelona\/?p=5544"},"modified":"2017-11-01T12:22:52","modified_gmt":"2017-11-01T11:22:52","slug":"charla-social-en-la-uao-ceu","status":"publish","type":"post","link":"https:\/\/blog.caritas.barcelona\/es\/entidades-con-corazon\/charla-social-en-la-uao-ceu\/","title":{"rendered":"Charla Social en la UAO CEU"},"content":{"rendered":"<p>El pasado 27 de abril tuvo lugar la charla social anual a los alumnos de Derecho, convocada por la Dra. Carmen Parra, Directora de la C\u00e1tedra de Econom\u00eda Solidaria.<\/p>\n<p>Este a\u00f1o, se habl\u00f3 sobre &#8220;La Pobreza. Qui\u00e9n es y qu\u00e9 hace C\u00e1ritas&#8221;. Tambi\u00e9n estaba presente el voluntario de Universidades con Coraz\u00f3n, August Bou.<\/p>\n<p class=\"p1\"><img loading=\"lazy\" decoding=\"async\" class=\"size-medium wp-image-12624 aligncenter\" src=\"https:\/\/blog.caritas.barcelona\/wp-content\/uploads\/sites\/2\/2017\/05\/FOTO-3-UAO-CEU-27-04-2017-560x420.jpg\" alt=\"FOTO 3 UAO CEU 27-04-2017\" width=\"560\" height=\"420\" \/><\/p>\n<p>A continuaci\u00f3n, Dessir\u00e9e Garcia, Responsable del programa de Formaci\u00f3n e Inserci\u00f3n Sociolaboral de C\u00e1ritas Diocesana de Barcelona present\u00f3 la conferencia principal explicando este programa y detallando su proyecto emblem\u00e1tico: &#8220;Trabajo con Coraz\u00f3n&#8221;.<\/p>\n<p>Muchas gracias de todo coraz\u00f3n a la UAO CEU !!!<\/p>\n<p class=\"p2\"><span class=\"s1\">\u00a0<\/span><\/p>\n","protected":false},"excerpt":{"rendered":"<p>El pasado 27 de abril tuvo lugar la charla social anual a los alumnos de Derecho, convocada por la Dra. Carmen Parra, Directora de la C\u00e1tedra de Econom\u00eda Solidaria. Este a\u00f1o, se habl\u00f3 sobre &#8220;La Pobreza. Qui\u00e9n es y qu\u00e9 hace C\u00e1ritas&#8221;. Tambi\u00e9n estaba presente el voluntario de Universidades con Coraz\u00f3n, August Bou. A continuaci\u00f3n, [&hellip;]<\/p>\n","protected":false},"author":5,"featured_media":4471,"comment_status":"open","ping_status":"open","sticky":false,"template":"","format":"standard","meta":{"footnotes":""},"categories":[22],"tags":[1224,470,981,488,74],"autor":[36],"class_list":["post-5544","post","type-post","status-publish","format-standard","has-post-thumbnail","hentry","category-entidades-con-corazon","tag-caritas-es","tag-ceu","tag-charla","tag-social","tag-uao","autor-caritas-diocesana-de-barcelona-es"],"aioseo_notices":[],"_links":{"self":[{"href":"https:\/\/blog.caritas.barcelona\/es\/wp-json\/wp\/v2\/posts\/5544","targetHints":{"allow":["GET"]}}],"collection":[{"href":"https:\/\/blog.caritas.barcelona\/es\/wp-json\/wp\/v2\/posts"}],"about":[{"href":"https:\/\/blog.caritas.barcelona\/es\/wp-json\/wp\/v2\/types\/post"}],"author":[{"embeddable":true,"href":"https:\/\/blog.caritas.barcelona\/es\/wp-json\/wp\/v2\/users\/5"}],"replies":[{"embeddable":true,"href":"https:\/\/blog.caritas.barcelona\/es\/wp-json\/wp\/v2\/comments?post=5544"}],"version-history":[{"count":1,"href":"https:\/\/blog.caritas.barcelona\/es\/wp-json\/wp\/v2\/posts\/5544\/revisions"}],"predecessor-version":[{"id":5545,"href":"https:\/\/blog.caritas.barcelona\/es\/wp-json\/wp\/v2\/posts\/5544\/revisions\/5545"}],"wp:featuredmedia":[{"embeddable":true,"href":"https:\/\/blog.caritas.barcelona\/es\/wp-json\/wp\/v2\/media\/4471"}],"wp:attachment":[{"href":"https:\/\/blog.caritas.barcelona\/es\/wp-json\/wp\/v2\/media?parent=5544"}],"wp:term":[{"taxonomy":"category","embeddable":true,"href":"https:\/\/blog.caritas.barcelona\/es\/wp-json\/wp\/v2\/categories?post=5544"},{"taxonomy":"post_tag","embeddable":true,"href":"https:\/\/blog.caritas.barcelona\/es\/wp-json\/wp\/v2\/tags?post=5544"},{"taxonomy":"autor","embeddable":true,"href":"https:\/\/blog.caritas.barcelona\/es\/wp-json\/wp\/v2\/autor?post=5544"}],"curies":[{"name":"wp","href":"https:\/\/api.w.org\/{rel}","templated":true}]}}