{"id":5532,"date":"2017-06-03T11:58:50","date_gmt":"2017-06-03T09:58:50","guid":{"rendered":"https:\/\/blog.caritas.barcelona\/?p=5532"},"modified":"2017-11-01T12:01:04","modified_gmt":"2017-11-01T11:01:04","slug":"optica-2000-da-gafas-de-sol-a-los-mas-necesitados","status":"publish","type":"post","link":"https:\/\/blog.caritas.barcelona\/es\/entidades-con-corazon\/optica-2000-da-gafas-de-sol-a-los-mas-necesitados\/","title":{"rendered":"\u00d3ptica 2000 da gafas de sol a los m\u00e1s necesitados"},"content":{"rendered":"<p class=\"p1\"><strong>OPTICA 2000<\/strong>, la \u00f3ptica de El Corte Ingl\u00e9s, ha participado en el programa de colaboraci\u00f3n Empresas con Coraz\u00f3n de C\u00e1ritas con la entrega de 76 gafas de sol.<\/p>\n<p class=\"p1\"><!--more--><\/p>\n<p>C\u00e1ritas har\u00e1 uso de estas gafas en los diferentes programas de ayuda social que ofrece a las personas en situaci\u00f3n de pobreza: Ayuda a las Necesidades B\u00e1sicas, Mayores y Familias e Infancia.<\/p>\n<p>Las gafas de sol que el equipo de OPTICA 2000 entreg\u00f3 al Sr. Ram\u00f3n Bretcha y a la Sra. Tina Ginest\u00e0 -voluntarios de C\u00e1ritas-, ayudar\u00e1n a favorecer la salud visual de las personas que las reciban, en especial la de los ni\u00f1os y los ancianos.<\/p>\n<p class=\"p1\"><img loading=\"lazy\" decoding=\"async\" class=\"aligncenter wp-image-14973 size-large\" src=\"https:\/\/blog.caritas.barcelona\/wp-content\/uploads\/sites\/2\/2017\/05\/entrega-gafas-a-caritas-002-1024x768.jpg\" alt=\"\" width=\"525\" height=\"394\" \/><\/p>\n<p>Cada una de estas gafas dadas forman parte de la colecci\u00f3n actual de las tiendas y, como con todos sus productos, cumplen la normativa de protecci\u00f3n de rayos UV. Con esta acci\u00f3n se ha conseguido dar a los m\u00e1s necesitados la oportunidad de adquirir un producto de marca con el que poder obtener la m\u00e1xima protecci\u00f3n solar de sus ojos.<\/p>\n<p>Miguel Carrasco, Director General de OPTICA 2000, concluye: &#8220;A OPTICA 2000 nos sentimos felices de formar parte del programa Empresas con Coraz\u00f3n de C\u00e1ritas, contribuir con su acci\u00f3n social y cumplir con nuestra misi\u00f3n de proporcionar confort visual a las personas, en esta ocasi\u00f3n a las m\u00e1s necesitadas &#8220;.<\/p>\n<p>Muchas<strong> gracias de todo coraz\u00f3n<\/strong> a OPTICA 2000 !!!<\/p>\n","protected":false},"excerpt":{"rendered":"<p>OPTICA 2000, la \u00f3ptica de El Corte Ingl\u00e9s, ha participado en el programa de colaboraci\u00f3n Empresas con Coraz\u00f3n de C\u00e1ritas con la entrega de 76 gafas de sol.<\/p>\n","protected":false},"author":5,"featured_media":4479,"comment_status":"open","ping_status":"open","sticky":false,"template":"","format":"standard","meta":{"footnotes":""},"categories":[22],"tags":[1224,919,778],"autor":[36],"class_list":["post-5532","post","type-post","status-publish","format-standard","has-post-thumbnail","hentry","category-entidades-con-corazon","tag-caritas-es","tag-el-corte-ingles","tag-optica-2000","autor-caritas-diocesana-de-barcelona-es"],"aioseo_notices":[],"_links":{"self":[{"href":"https:\/\/blog.caritas.barcelona\/es\/wp-json\/wp\/v2\/posts\/5532","targetHints":{"allow":["GET"]}}],"collection":[{"href":"https:\/\/blog.caritas.barcelona\/es\/wp-json\/wp\/v2\/posts"}],"about":[{"href":"https:\/\/blog.caritas.barcelona\/es\/wp-json\/wp\/v2\/types\/post"}],"author":[{"embeddable":true,"href":"https:\/\/blog.caritas.barcelona\/es\/wp-json\/wp\/v2\/users\/5"}],"replies":[{"embeddable":true,"href":"https:\/\/blog.caritas.barcelona\/es\/wp-json\/wp\/v2\/comments?post=5532"}],"version-history":[{"count":1,"href":"https:\/\/blog.caritas.barcelona\/es\/wp-json\/wp\/v2\/posts\/5532\/revisions"}],"predecessor-version":[{"id":5533,"href":"https:\/\/blog.caritas.barcelona\/es\/wp-json\/wp\/v2\/posts\/5532\/revisions\/5533"}],"wp:featuredmedia":[{"embeddable":true,"href":"https:\/\/blog.caritas.barcelona\/es\/wp-json\/wp\/v2\/media\/4479"}],"wp:attachment":[{"href":"https:\/\/blog.caritas.barcelona\/es\/wp-json\/wp\/v2\/media?parent=5532"}],"wp:term":[{"taxonomy":"category","embeddable":true,"href":"https:\/\/blog.caritas.barcelona\/es\/wp-json\/wp\/v2\/categories?post=5532"},{"taxonomy":"post_tag","embeddable":true,"href":"https:\/\/blog.caritas.barcelona\/es\/wp-json\/wp\/v2\/tags?post=5532"},{"taxonomy":"autor","embeddable":true,"href":"https:\/\/blog.caritas.barcelona\/es\/wp-json\/wp\/v2\/autor?post=5532"}],"curies":[{"name":"wp","href":"https:\/\/api.w.org\/{rel}","templated":true}]}}