{"id":5528,"date":"2017-06-02T11:41:19","date_gmt":"2017-06-02T09:41:19","guid":{"rendered":"https:\/\/blog.caritas.barcelona\/?p=5528"},"modified":"2017-11-01T11:50:20","modified_gmt":"2017-11-01T10:50:20","slug":"xx-aniversario-de-la-toulouse-business-school-de-barcelona","status":"publish","type":"post","link":"https:\/\/blog.caritas.barcelona\/es\/entidades-con-corazon\/xx-aniversario-de-la-toulouse-business-school-de-barcelona\/","title":{"rendered":"XX Aniversario de la Toulouse Business School de Barcelona"},"content":{"rendered":"<p class=\"p1\">El pasado 1 de junio se celebr\u00f3 el XX Aniversario de la Toulouse Business School de Barcelona.<\/p>\n<p class=\"p1\"><!--more--><\/p>\n<p class=\"p1\">La escuela invit\u00f3 a una cena c\u00f3ctel a todo el personal docente, al personal de administraci\u00f3n y servicios, y miembros de entidades relacionadas y \/ o colaboradores.<\/p>\n<p class=\"p1\"><img loading=\"lazy\" decoding=\"async\" class=\"size-medium wp-image-12696 aligncenter\" src=\"https:\/\/blog.caritas.barcelona\/wp-content\/uploads\/sites\/2\/2017\/06\/34768496340_81e6698534_z-560x374.jpg\" alt=\"34768496340_81e6698534_z\" width=\"560\" height=\"374\" \/><\/p>\n<p>El c\u00f3ctel tuvo lugar en la r\u00e9plica del Monasterio Rom\u00e1nico de San Miguel en el Pueblo Espa\u00f1ol. En nombre de CDB asisti\u00f3 el voluntario de C\u00e1ritas y Responsable de Universidades con Coraz\u00f3n, Fernando Porta.<\/p>\n<p>Gracias<strong> de coraz\u00f3n<\/strong>!!!<\/p>\n","protected":false},"excerpt":{"rendered":"<p>El pasado 1 de junio se celebr\u00f3 el XX Aniversario de la Toulouse Business School de Barcelona.<\/p>\n","protected":false},"author":5,"featured_media":4483,"comment_status":"open","ping_status":"open","sticky":false,"template":"","format":"standard","meta":{"footnotes":""},"categories":[22],"tags":[1224,787,1234],"autor":[36],"class_list":["post-5528","post","type-post","status-publish","format-standard","has-post-thumbnail","hentry","category-entidades-con-corazon","tag-caritas-es","tag-toulousse-business-school","tag-xx-aniversario","autor-caritas-diocesana-de-barcelona-es"],"aioseo_notices":[],"_links":{"self":[{"href":"https:\/\/blog.caritas.barcelona\/es\/wp-json\/wp\/v2\/posts\/5528","targetHints":{"allow":["GET"]}}],"collection":[{"href":"https:\/\/blog.caritas.barcelona\/es\/wp-json\/wp\/v2\/posts"}],"about":[{"href":"https:\/\/blog.caritas.barcelona\/es\/wp-json\/wp\/v2\/types\/post"}],"author":[{"embeddable":true,"href":"https:\/\/blog.caritas.barcelona\/es\/wp-json\/wp\/v2\/users\/5"}],"replies":[{"embeddable":true,"href":"https:\/\/blog.caritas.barcelona\/es\/wp-json\/wp\/v2\/comments?post=5528"}],"version-history":[{"count":1,"href":"https:\/\/blog.caritas.barcelona\/es\/wp-json\/wp\/v2\/posts\/5528\/revisions"}],"predecessor-version":[{"id":5529,"href":"https:\/\/blog.caritas.barcelona\/es\/wp-json\/wp\/v2\/posts\/5528\/revisions\/5529"}],"wp:featuredmedia":[{"embeddable":true,"href":"https:\/\/blog.caritas.barcelona\/es\/wp-json\/wp\/v2\/media\/4483"}],"wp:attachment":[{"href":"https:\/\/blog.caritas.barcelona\/es\/wp-json\/wp\/v2\/media?parent=5528"}],"wp:term":[{"taxonomy":"category","embeddable":true,"href":"https:\/\/blog.caritas.barcelona\/es\/wp-json\/wp\/v2\/categories?post=5528"},{"taxonomy":"post_tag","embeddable":true,"href":"https:\/\/blog.caritas.barcelona\/es\/wp-json\/wp\/v2\/tags?post=5528"},{"taxonomy":"autor","embeddable":true,"href":"https:\/\/blog.caritas.barcelona\/es\/wp-json\/wp\/v2\/autor?post=5528"}],"curies":[{"name":"wp","href":"https:\/\/api.w.org\/{rel}","templated":true}]}}