{"id":5502,"date":"2017-10-07T18:35:16","date_gmt":"2017-10-07T16:35:16","guid":{"rendered":"https:\/\/blog.caritas.barcelona\/?p=5502"},"modified":"2017-10-31T19:10:39","modified_gmt":"2017-10-31T18:10:39","slug":"vi-jornada-de-reflexion-y-trabajo-de-eac-y-presentacion-del-valor-social-integrado-por-el-instituto-cerda","status":"publish","type":"post","link":"https:\/\/blog.caritas.barcelona\/es\/entidades-con-corazon\/vi-jornada-de-reflexion-y-trabajo-de-eac-y-presentacion-del-valor-social-integrado-por-el-instituto-cerda\/","title":{"rendered":"VI Jornada de Reflexi\u00f3n y Trabajo de EaC y Presentaci\u00f3n del Valor Social Integrado por el Instituto Cerd\u00e0"},"content":{"rendered":"<p>El pasado 5 de octubre se celebr\u00f3 la VI Jornada de Reflexi\u00f3n y Trabajo de Entidades con Coraz\u00f3n de C\u00e1ritas Diocesana de Barcelona en el Hotel Art Gallery.<\/p>\n<p>El acto comenz\u00f3 con una bienvenida a cargo del delegado episcopal Salvador Bacardit y con la presentaci\u00f3n de la jornada a cargo de Cristina Garc\u00eda, directora de Servicios Corporativos de C\u00e1ritas Diocesana de Barcelona (CDB). A continuaci\u00f3n, Anna Roig, responsable de Comunicaci\u00f3n y Relaciones Institucionales de CDB, hizo la presentaci\u00f3n de los nuevos logotipos de Entidades con Coraz\u00f3n. Posteriormente, Ferran Casamitjana, jefe de Captaci\u00f3n de Recursos y Gesti\u00f3n Interna de CDB, ense\u00f1\u00f3 los objetivos generales de Entidades con Coraz\u00f3n. Para finalizar la primera parte de la jornada, los representantes de todos los equipos de Entidades con Coraz\u00f3n presentaron los objetivos para el curso 2017-2018.<\/p>\n<p><img loading=\"lazy\" decoding=\"async\" class=\"aligncenter wp-image-5423 size-large\" src=\"https:\/\/blog.caritas.barcelona\/wp-content\/uploads\/sites\/2\/2017\/10\/P1004230-1024x768.jpg\" alt=\"\" width=\"1024\" height=\"768\" srcset=\"https:\/\/blog.caritas.barcelona\/wp-content\/uploads\/sites\/2\/2017\/10\/P1004230-1024x768.jpg 1024w, https:\/\/blog.caritas.barcelona\/wp-content\/uploads\/sites\/2\/2017\/10\/P1004230-300x225.jpg 300w, https:\/\/blog.caritas.barcelona\/wp-content\/uploads\/sites\/2\/2017\/10\/P1004230-768x576.jpg 768w, https:\/\/blog.caritas.barcelona\/wp-content\/uploads\/sites\/2\/2017\/10\/P1004230-600x450.jpg 600w, https:\/\/blog.caritas.barcelona\/wp-content\/uploads\/sites\/2\/2017\/10\/P1004230.jpg 1440w\" sizes=\"auto, (max-width: 1024px) 100vw, 1024px\" \/><\/p>\n<p>Hacia las 12:00h y tras una pausa para tomar un caf\u00e9 con los asistentes, se realiz\u00f3 la <strong>Presentaci\u00f3n del estudio del Valor Social Integrado de Entidades con Coraz\u00f3n<\/strong>, a cargo de Daniel Ortiz, director de innovaci\u00f3n de l&#8217;Institut Cerd\u00e0. Esta presentaci\u00f3n permiti\u00f3 que los asistentes, voluntarios y representantes de Entidades con Coraz\u00f3n presentes pudieran entender de manera ilustrada y con datos contrastables como se ve reflejada su tarea y la ayuda que ofrecen a CDB.<\/p>\n<p>Puedes ver el <strong>Estudio del Valor Social Integrado de Entidades con Coraz\u00f3n<\/strong> aqu\u00ed:\u00a0<a href=\"https:\/\/blog.caritas.barcelona\/wp-content\/uploads\/sites\/2\/2017\/10\/VASI-d27Entitats-amb-Cor-de-CDB-VLL-1.pdf\">VASI dEntitats amb Cor de CDB-VLL (1)<\/a><\/p>\n<p><iframe loading=\"lazy\" title=\"La import\u00e0ncia de mesurar l&#039;impacte\" width=\"500\" height=\"281\" src=\"https:\/\/www.youtube.com\/embed\/Q9PI3WHYWE0?feature=oembed\" frameborder=\"0\" allow=\"accelerometer; autoplay; clipboard-write; encrypted-media; gyroscope; picture-in-picture; web-share\" referrerpolicy=\"strict-origin-when-cross-origin\" allowfullscreen><\/iframe><\/p>\n<p class=\"p1\">Finalmente Salvador Busquets, Director de CDB, hizo la clausura de la Jornada agradeciendo a todos los representantes, colaboradores y voluntarios de Entidades con Coraz\u00f3n, y recordando los motivos de la importancia de su ayuda para el sostenimiento de las personas atendidas a CDB.<\/p>\n","protected":false},"excerpt":{"rendered":"<p>El pasado 5 de octubre se celebr\u00f3 la VI Jornada de Reflexi\u00f3n y Trabajo de Entidades con Coraz\u00f3n de C\u00e1ritas Diocesana de Barcelona en el Hotel Art Gallery. El acto comenz\u00f3 con una bienvenida a cargo del delegado episcopal Salvador Bacardit y con la presentaci\u00f3n de la jornada a cargo de Cristina Garc\u00eda, directora de [&hellip;]<\/p>\n","protected":false},"author":5,"featured_media":5424,"comment_status":"open","ping_status":"open","sticky":false,"template":"","format":"standard","meta":{"footnotes":""},"categories":[22],"tags":[],"autor":[1228],"class_list":["post-5502","post","type-post","status-publish","format-standard","has-post-thumbnail","hentry","category-entidades-con-corazon","autor-albert-escuder-es"],"aioseo_notices":[],"_links":{"self":[{"href":"https:\/\/blog.caritas.barcelona\/es\/wp-json\/wp\/v2\/posts\/5502","targetHints":{"allow":["GET"]}}],"collection":[{"href":"https:\/\/blog.caritas.barcelona\/es\/wp-json\/wp\/v2\/posts"}],"about":[{"href":"https:\/\/blog.caritas.barcelona\/es\/wp-json\/wp\/v2\/types\/post"}],"author":[{"embeddable":true,"href":"https:\/\/blog.caritas.barcelona\/es\/wp-json\/wp\/v2\/users\/5"}],"replies":[{"embeddable":true,"href":"https:\/\/blog.caritas.barcelona\/es\/wp-json\/wp\/v2\/comments?post=5502"}],"version-history":[{"count":1,"href":"https:\/\/blog.caritas.barcelona\/es\/wp-json\/wp\/v2\/posts\/5502\/revisions"}],"predecessor-version":[{"id":5503,"href":"https:\/\/blog.caritas.barcelona\/es\/wp-json\/wp\/v2\/posts\/5502\/revisions\/5503"}],"wp:featuredmedia":[{"embeddable":true,"href":"https:\/\/blog.caritas.barcelona\/es\/wp-json\/wp\/v2\/media\/5424"}],"wp:attachment":[{"href":"https:\/\/blog.caritas.barcelona\/es\/wp-json\/wp\/v2\/media?parent=5502"}],"wp:term":[{"taxonomy":"category","embeddable":true,"href":"https:\/\/blog.caritas.barcelona\/es\/wp-json\/wp\/v2\/categories?post=5502"},{"taxonomy":"post_tag","embeddable":true,"href":"https:\/\/blog.caritas.barcelona\/es\/wp-json\/wp\/v2\/tags?post=5502"},{"taxonomy":"autor","embeddable":true,"href":"https:\/\/blog.caritas.barcelona\/es\/wp-json\/wp\/v2\/autor?post=5502"}],"curies":[{"name":"wp","href":"https:\/\/api.w.org\/{rel}","templated":true}]}}