{"id":5464,"date":"2017-11-15T14:27:56","date_gmt":"2017-11-15T13:27:56","guid":{"rendered":"https:\/\/blog.caritas.barcelona\/?p=5464"},"modified":"2017-11-24T14:30:19","modified_gmt":"2017-11-24T13:30:19","slug":"abuela-y-nieta-dos-generaciones-de-voluntarias-de-caritas","status":"publish","type":"post","link":"https:\/\/blog.caritas.barcelona\/es\/voluntariado\/abuela-y-nieta-dos-generaciones-de-voluntarias-de-caritas\/","title":{"rendered":"Abuela y nieta, dos generaciones de voluntarias de C\u00e1ritas"},"content":{"rendered":"<p>Maria Assumpci\u00f3 y Anna son abuela y nieta, y las dos son <a href=\"https:\/\/caritas.barcelona\/es\/hazte-voluntario\/\">voluntarias de C\u00e1ritas Diocesana de Barcelona<\/a>. Con su experiencia, queremos acercaros el sentido que tiene el voluntariado por parte de dos personas que a pesar de pertenecer a generaciones diferentes, tienen como objetivo com\u00fan el trabajo desinteresado en favor de las personas m\u00e1s vulnerables.<\/p>\n<p>&nbsp;<\/p>\n<h3><strong>&#8220;El voluntariado no siempre es f\u00e1cil, pero hay que ejercerlo con una sonrisa&#8221;<\/strong><\/h3>\n<p>&nbsp;<\/p>\n<p>Hace m\u00e1s de veinte a\u00f1os que Maria Assumpci\u00f3 es voluntaria de Folre, un proyecto para personas en situaci\u00f3n de sin hogar en el centro de Badalona. Folre nace en 1996 como un proyecto de la Parroquia de Sant Josep de Badalona, y precisamente fue el hijo de Assumpci\u00f3 y un grupo de amigos los que lo iniciaron. &#8220;Folre comenz\u00f3 en una peque\u00f1a habitaci\u00f3n de la parroquia, y una de las primeras cosas que hicimos era repartir bocadillos a las personas que dorm\u00edan en la calle&#8221;, recuerda Assumpci\u00f3.<\/p>\n<h6 style=\"text-align: center\"><img loading=\"lazy\" decoding=\"async\" class=\"size-full wp-image-5451 aligncenter\" src=\"https:\/\/blog.caritas.barcelona\/wp-content\/uploads\/sites\/2\/2017\/10\/IMATGE_1.jpg\" alt=\"Dos voluntaris del projecte Folre de C\u00e0ritas Barcelona\" width=\"760\" height=\"506\" srcset=\"https:\/\/blog.caritas.barcelona\/wp-content\/uploads\/sites\/2\/2017\/10\/IMATGE_1.jpg 760w, https:\/\/blog.caritas.barcelona\/wp-content\/uploads\/sites\/2\/2017\/10\/IMATGE_1-300x200.jpg 300w, https:\/\/blog.caritas.barcelona\/wp-content\/uploads\/sites\/2\/2017\/10\/IMATGE_1-600x399.jpg 600w\" sizes=\"auto, (max-width: 760px) 100vw, 760px\" \/>Maria Assumpci\u00f3 y Antonio, preparando bocadillos para las personas que vengan a Folre durante la tarde<\/h6>\n<p>En ese momento fueron los hijos los que animaron a los padres a participar como voluntarios del proyecto, pero <strong>Assumpci\u00f3 cree que ahora son los mayores los que deben implicar a los j\u00f3venes en el voluntariado. Buena prueba de ello es que su nieta, Anna, tambi\u00e9n es voluntaria de C\u00e1ritas, y creemos que sus testimonios pueden ser fuente de inspiraci\u00f3n para muchos j\u00f3venes y mayores que est\u00e1n pensando en hacer un voluntariado<\/strong>.<\/p>\n<p><strong>Toda una vida dedicada al voluntariado<\/strong><\/p>\n<p>Assumpci\u00f3 comenz\u00f3 a ser voluntaria de bien jovencita. &#8220;Cada s\u00e1bado iba con mis padres y hermanos al Cottolengo, as\u00ed que el voluntariado viene de familia&#8221;, nos indica. Aunque ya han pasado veinte a\u00f1os desde que es voluntaria de Folre, afirma que nunca ha fallado, y que <strong>su dedicaci\u00f3n es la misma que la del primer d\u00eda<\/strong>.<\/p>\n<p>&#8220;Cada tarde de 16h a 20h vienen unas veinte o treinta personas al centro. Jugamos a juegos de mesa, les preparamos la merienda, la cena y compartimos un rato con ellos para que se sientan acompa\u00f1ados&#8221;, explica. <strong>De lunes a viernes son unos cuatro voluntarios en Folre, y pese a que todos ya est\u00e1n jubilados, Assumpci\u00f3 dice sonriendo que el trabajo que hacen es literalmente fren\u00e9tico<\/strong>.<\/p>\n<h6 style=\"text-align: center\"><img loading=\"lazy\" decoding=\"async\" class=\"size-full wp-image-5453 aligncenter\" src=\"https:\/\/blog.caritas.barcelona\/wp-content\/uploads\/sites\/2\/2017\/10\/IMATGE_2.jpg\" alt=\"La Maria Assumpci\u00f3, jugant a parx\u00eds amb els participants de Folre\" width=\"760\" height=\"506\" srcset=\"https:\/\/blog.caritas.barcelona\/wp-content\/uploads\/sites\/2\/2017\/10\/IMATGE_2.jpg 760w, https:\/\/blog.caritas.barcelona\/wp-content\/uploads\/sites\/2\/2017\/10\/IMATGE_2-300x200.jpg 300w, https:\/\/blog.caritas.barcelona\/wp-content\/uploads\/sites\/2\/2017\/10\/IMATGE_2-600x399.jpg 600w\" sizes=\"auto, (max-width: 760px) 100vw, 760px\" \/>Maria Assumpci\u00f3, compartiendo un rato de juego y ocio con las personas de Folre<\/h6>\n<p><strong>&#8220;El voluntariado con las personas en situaci\u00f3n de sin hogar no siempre es f\u00e1cil, pero les quieres y agradecen con todo su coraz\u00f3n nuestra tarea&#8221;<\/strong>, afirma. Adem\u00e1s del trabajo de acompa\u00f1amiento que realizan los voluntarios, Folre cuenta con un equipo de profesionales que hacen un seguimiento social de las personas que asisten con el fin de ayudarles a salir de su dif\u00edcil situaci\u00f3n. Complementando esta tarea profesional, Assumpci\u00f3 cree que <strong>la acogida y el acompa\u00f1amiento del voluntariado es esencial, por lo que la celebraci\u00f3n de la cena de Navidad, el Ti\u00f3 o los cumplea\u00f1os no pueden fallar nunca<\/strong>. &#8220;Cada vez que alguna de las personas de Folre hace a\u00f1os le hacemos un regalo de cumplea\u00f1os. En la mayor\u00eda de casos lloran, ya que la sensaci\u00f3n de ser valorado como una persona con nombres y apellidos es muy especial. Siempre nos dicen que son invisibles para la gente que pasa por la calle&#8221;, expone Assumpci\u00f3.<\/p>\n<p><strong>El valor de ayudar a los dem\u00e1s<\/strong><\/p>\n<p>Al preguntarle sobre que considera que es el m\u00e1s positivo del voluntariado, Assumpci\u00f3 afirma que es poder ayudar a las personas a salir del pozo. <strong>&#8220;Aqu\u00ed me salvasteis, eso es lo que me dijo una de las personas de Folre, y para m\u00ed es lo m\u00e1s gratificante&#8221;<\/strong>, dice emocionada. A\u00f1ade que hace unos meses una persona le llev\u00f3 un pastel como muestra de agradecimiento.<strong> &#8220;Me dijo que lo hab\u00edan hecho fijo en el trabajo, y que el pastel era la manera de darme las gracias por acompa\u00f1arlo en este proceso. Estas son las cosas que dan sentido el voluntariado&#8221;<\/strong>.<\/p>\n<p>Para todas aquellas personas que se est\u00e9n planteando ser voluntarias de C\u00e1ritas,\u00a0Assumpci\u00f3 dice que <strong>si se tiene tiempo, todo es posible<\/strong>. &#8220;Yo misma me estoy pensando si comenzar un voluntariado con personas mayores, creo que todo es propon\u00e9rselo y querer hacer un servicio en favor de aquellos que m\u00e1s lo necesitan.&#8221;<\/p>\n<p>Sobre que abuela y nieta sean voluntarias, Assumpci\u00f3 nos dice orgullosa que es toda una experiencia. <strong>&#8220;Fue ella quien con dieciocho a\u00f1os decidi\u00f3 hacerse voluntaria. Compartimos puntos de vista, que le gusta, y eso es lo m\u00e1s importante&#8221;<\/strong>, afirma.<\/p>\n<p><strong>Despidi\u00e9ndonos de Assumpci\u00f3 le preguntamos c\u00f3mo definir\u00eda el voluntariado. Lo resume con una palabra: felicidad.<\/strong><\/p>\n<p>&nbsp;<\/p>\n<h3><strong>&#8220;Lo m\u00e1s valioso que podemos ofrecer es nuestro tiempo&#8221;<\/strong><\/h3>\n<h6 style=\"text-align: center\"><img loading=\"lazy\" decoding=\"async\" class=\"size-full wp-image-5455 aligncenter\" src=\"https:\/\/blog.caritas.barcelona\/wp-content\/uploads\/sites\/2\/2017\/10\/IMATGE_3.jpg\" alt=\"L'Anna \u00e9s volunt\u00e0ria de C\u00e0ritas al projecte Folre de C\u00e0rita\" width=\"760\" height=\"506\" srcset=\"https:\/\/blog.caritas.barcelona\/wp-content\/uploads\/sites\/2\/2017\/10\/IMATGE_3.jpg 760w, https:\/\/blog.caritas.barcelona\/wp-content\/uploads\/sites\/2\/2017\/10\/IMATGE_3-300x200.jpg 300w, https:\/\/blog.caritas.barcelona\/wp-content\/uploads\/sites\/2\/2017\/10\/IMATGE_3-600x399.jpg 600w\" sizes=\"auto, (max-width: 760px) 100vw, 760px\" \/>Anna Oncins en la puerta de Folre y del comedor social<\/h6>\n<p>Anna es nieta de Maria Assumpci\u00f3, y como ella tambi\u00e9n es voluntaria de Folre. Tiene 21 a\u00f1os y estudia 4\u00ba curso de Biomedicina en la Universitat de Barcelona. A pesar de su juventud, Anna ya hace tres a\u00f1os que es voluntaria en el comedor social de Folre, y <strong>fue una de las primeras cosas que decidi\u00f3 al ser mayor de edad<\/strong>.<\/p>\n<p>&#8220;Mi experiencia como voluntaria viene de lejos, ya que tambi\u00e9n soy monitora del casal aspirantat de Sant Josep&#8221;, nos cuenta Anna. Combinar la tarea de monitora con ni\u00f1os y la atenci\u00f3n a las personas sin hogar dice que es especial, ya que<strong> trabajar con los ni\u00f1os y ni\u00f1as es m\u00e1s f\u00e1cil, pero el acompa\u00f1amiento a personas que duermen en la calle es imprescindible para devolverles la esperanza<\/strong>.<\/p>\n<h6 style=\"text-align: center\"><img loading=\"lazy\" decoding=\"async\" class=\"alignnone size-full wp-image-5457 aligncenter\" src=\"https:\/\/blog.caritas.barcelona\/wp-content\/uploads\/sites\/2\/2017\/10\/IMATGE_4.jpg\" alt=\"Volunt\u00e0ries del projecte Folre de C\u00e0ritas\" width=\"760\" height=\"506\" srcset=\"https:\/\/blog.caritas.barcelona\/wp-content\/uploads\/sites\/2\/2017\/10\/IMATGE_4.jpg 760w, https:\/\/blog.caritas.barcelona\/wp-content\/uploads\/sites\/2\/2017\/10\/IMATGE_4-300x200.jpg 300w, https:\/\/blog.caritas.barcelona\/wp-content\/uploads\/sites\/2\/2017\/10\/IMATGE_4-600x399.jpg 600w\" sizes=\"auto, (max-width: 760px) 100vw, 760px\" \/>Anna y Carme son voluntarias de Folre, y Hadda (centro) es la cocinera que prepara los almuerzos diarios<\/h6>\n<p>La vida universitaria de Anna le ocupa muchas horas, pero aun as\u00ed siempre dedica el s\u00e1bado por la ma\u00f1ana para atender a las personas que comen en el comedor social de Folre. &#8220;Garantizar las comidas es una parte importante para ayudar a las personas que duermen en la calle -dice- pero <strong>hay que complementarlo con un acompa\u00f1amiento humano que voluntarios y voluntarias como yo o mi abuela ofrecemos cada d\u00eda<\/strong>&#8220;.<\/p>\n<p><strong>Compartir el voluntariado en familia<\/strong><\/p>\n<p>Anna nos dice que es una gran suerte compartir el voluntariado con su abuela, ya que <strong>muchas veces hablan en las sobremesas familiares<\/strong>. &#8220;Contar con la experiencia de mi abuela me ha ayudado mucho. El trato con personas con vidas tan rotas siempre es compleja, pero <strong>la ayuda y los consejos de mi abuela fueron imprescindibles en los inicios de mi voluntariado<\/strong>&#8220;, afirma.<\/p>\n<h6 style=\"text-align: center\"><img loading=\"lazy\" decoding=\"async\" class=\"size-full wp-image-5459 aligncenter\" src=\"https:\/\/blog.caritas.barcelona\/wp-content\/uploads\/sites\/2\/2017\/10\/IMATGE_5.jpg\" alt=\"L'Anna, a l'entrada de Folre, on fa voluntariat\" width=\"760\" height=\"576\" srcset=\"https:\/\/blog.caritas.barcelona\/wp-content\/uploads\/sites\/2\/2017\/10\/IMATGE_5.jpg 760w, https:\/\/blog.caritas.barcelona\/wp-content\/uploads\/sites\/2\/2017\/10\/IMATGE_5-300x227.jpg 300w, https:\/\/blog.caritas.barcelona\/wp-content\/uploads\/sites\/2\/2017\/10\/IMATGE_5-600x455.jpg 600w\" sizes=\"auto, (max-width: 760px) 100vw, 760px\" \/>L\u2019Anna Oncins en la entrada de Folre<\/h6>\n<p>Anna cree que voluntariado significa <strong>crear espacios para hablar y crear v\u00ednculos, y que en muchos casos escuchar y acompa\u00f1ar a las personas puede ser m\u00e1s importante que ayudarles econ\u00f3micamente<\/strong>. Al preguntarle sobre que dir\u00eda a las personas que est\u00e1n pensando en ser voluntarias, Anna les pide que lo prueben, sin miedo. &#8220;Al principio da respeto, pero el ambiente es muy bonito&#8221;. A\u00f1ade que entre la gente joven no es muy com\u00fan hacer voluntariado, y que en algunos casos sus amigos no lo entienden. <strong>&#8220;Es necesario que la gente joven se acerque y vea con sus propios ojos los proyectos de C\u00e1ritas, si no es complicado implicarte&#8221;<\/strong>, expone. Como en su caso, Anna anima a todos aquellos j\u00f3venes que ya son monitores en alg\u00fan casal o cau a que tambi\u00e9n puedan participar en alg\u00fan otro voluntariado. <strong>&#8220;C\u00e1ritas ofrece muchos proyectos donde colaborar, y creo que todos podemos encontrar un momento y dedicarnos a ello&#8221;<\/strong>.<\/p>\n","protected":false},"excerpt":{"rendered":"<p>Maria Assumpci\u00f3 y Anna son abuela y nieta, y las dos son voluntarias de C\u00e1ritas Diocesana de Barcelona. Con su experiencia, queremos acercaros el sentido que tiene el voluntariado por parte de dos personas que a pesar de pertenecer a generaciones diferentes, tienen como objetivo com\u00fan el trabajo desinteresado en favor de las personas m\u00e1s [&hellip;]<\/p>\n","protected":false},"author":4,"featured_media":5462,"comment_status":"open","ping_status":"open","sticky":false,"template":"","format":"standard","meta":{"footnotes":""},"categories":[23],"tags":[1069,1205,1179,994],"autor":[1212],"class_list":["post-5464","post","type-post","status-publish","format-standard","has-post-thumbnail","hentry","category-voluntariado","tag-comedor-social","tag-folre","tag-sin-hogar","tag-voluntariado","autor-jordi-julia-es"],"aioseo_notices":[],"_links":{"self":[{"href":"https:\/\/blog.caritas.barcelona\/es\/wp-json\/wp\/v2\/posts\/5464","targetHints":{"allow":["GET"]}}],"collection":[{"href":"https:\/\/blog.caritas.barcelona\/es\/wp-json\/wp\/v2\/posts"}],"about":[{"href":"https:\/\/blog.caritas.barcelona\/es\/wp-json\/wp\/v2\/types\/post"}],"author":[{"embeddable":true,"href":"https:\/\/blog.caritas.barcelona\/es\/wp-json\/wp\/v2\/users\/4"}],"replies":[{"embeddable":true,"href":"https:\/\/blog.caritas.barcelona\/es\/wp-json\/wp\/v2\/comments?post=5464"}],"version-history":[{"count":4,"href":"https:\/\/blog.caritas.barcelona\/es\/wp-json\/wp\/v2\/posts\/5464\/revisions"}],"predecessor-version":[{"id":5475,"href":"https:\/\/blog.caritas.barcelona\/es\/wp-json\/wp\/v2\/posts\/5464\/revisions\/5475"}],"wp:featuredmedia":[{"embeddable":true,"href":"https:\/\/blog.caritas.barcelona\/es\/wp-json\/wp\/v2\/media\/5462"}],"wp:attachment":[{"href":"https:\/\/blog.caritas.barcelona\/es\/wp-json\/wp\/v2\/media?parent=5464"}],"wp:term":[{"taxonomy":"category","embeddable":true,"href":"https:\/\/blog.caritas.barcelona\/es\/wp-json\/wp\/v2\/categories?post=5464"},{"taxonomy":"post_tag","embeddable":true,"href":"https:\/\/blog.caritas.barcelona\/es\/wp-json\/wp\/v2\/tags?post=5464"},{"taxonomy":"autor","embeddable":true,"href":"https:\/\/blog.caritas.barcelona\/es\/wp-json\/wp\/v2\/autor?post=5464"}],"curies":[{"name":"wp","href":"https:\/\/api.w.org\/{rel}","templated":true}]}}