{"id":5316,"date":"2017-10-02T13:58:19","date_gmt":"2017-10-02T11:58:19","guid":{"rendered":"https:\/\/blog.caritas.barcelona\/?p=5316\/"},"modified":"2017-10-02T13:59:19","modified_gmt":"2017-10-02T11:59:19","slug":"dia-mundial-del-habitat-la-labor-de-la-fundacio-foment-de-lhabitatge-social","status":"publish","type":"post","link":"https:\/\/blog.caritas.barcelona\/es\/sin-hogar-y-vivienda\/dia-mundial-del-habitat-la-labor-de-la-fundacio-foment-de-lhabitatge-social\/","title":{"rendered":"D\u00eda Mundial del H\u00e1bitat: la labor de la Fundaci\u00f3 Foment de l\u2019Habitatge Social"},"content":{"rendered":"<p>En el D\u00eda Mundial del H\u00e1bitat, centrado en el lema &#8220;Hogares asequibles&#8221;, queremos recordar la tarea que realiza la <a href=\"http:\/\/www.habitatgesocial.org\/\" target=\"_blank\" rel=\"noopener\">Fundaci\u00f3 Foment de l\u2019Habitatge Social<\/a>. La Fundaci\u00f3n trabaja precisamente para que las personas m\u00e1s vulnerables puedan disponer de un hogar digno<\/p>\n<p><img loading=\"lazy\" decoding=\"async\" class=\"size-full wp-image-5313 aligncenter\" src=\"https:\/\/blog.caritas.barcelona\/wp-content\/uploads\/sites\/2\/2017\/10\/IMG_6356.jpg\" alt=\"Dues persones ateses per C\u00e0ritas en un pis de la Fundaci\u00f3 Foment de l'Habitatge Social\" width=\"720\" height=\"493\" srcset=\"https:\/\/blog.caritas.barcelona\/wp-content\/uploads\/sites\/2\/2017\/10\/IMG_6356.jpg 720w, https:\/\/blog.caritas.barcelona\/wp-content\/uploads\/sites\/2\/2017\/10\/IMG_6356-300x205.jpg 300w, https:\/\/blog.caritas.barcelona\/wp-content\/uploads\/sites\/2\/2017\/10\/IMG_6356-600x411.jpg 600w\" sizes=\"auto, (max-width: 720px) 100vw, 720px\" \/><\/p>\n<p>El primer lunes de octubre se celebra el <strong>D\u00eda Mundial del H\u00e1bitat<\/strong>, una fecha en la que Naciones Unidas quiere remarcar el derecho b\u00e1sico a una vivienda adecuada. La necesidad de impulsar pol\u00edticas de vivienda que garanticen hogares asequibles para todos es el lema de este a\u00f1o.<\/p>\n<p>&#8220;Desde la Fundaci\u00f3n Fomento de la Vivienda Social defendemos este derecho universal a una vivienda digna desde hace 27 a\u00f1os. Tambi\u00e9n defendemos un parque de alquiler social estable en nuestras ciudades que est\u00e9 disponible para personas que temporalmente necesitan apoyo debido a su situaci\u00f3n econ\u00f3mica o social&#8221; pone de relieve Sergio Rodr\u00edguez, actual director de la Fundaci\u00f3n.<\/p>\n<p>La Fundaci\u00f3n se cre\u00f3 en 1990, promovida por C\u00e1ritas Diocesana de Barcelona. &#8220;El seguimiento personalizado con un plan de trabajo espec\u00edfico para cada familia es clave a la hora de fomentar la autonom\u00eda y la inclusi\u00f3n social de las personas que viven en viviendas gestionadas por la Fundaci\u00f3n&#8221;, destaca su director. En este sentido los educadores sociales de la Fundaci\u00f3n realizan m\u00faltiples intervenciones de acompa\u00f1amiento adaptadas a cada uno de los casos. Casualmente este a\u00f1o 2017 el D\u00eda Mundial del H\u00e1bitat coincide tambi\u00e9n con el D\u00eda Internacional de la Educaci\u00f3n Social (2 octubre).<\/p>\n<p><strong>Prioridad de la Fundaci\u00f3n: atenci\u00f3n a las familias con menores<\/strong><\/p>\n<p>La Fundaci\u00f3n pone actualmente a disposici\u00f3n de los usuarios <strong>m\u00e1s de 400 viviendas<\/strong>. El 45% de las personas que viven son menores de edad. Durante el a\u00f1o 2017 se atendieron 1.415 personas. <strong>Las viviendas se ceden de forma temporal a precios m\u00e1s bajos que los del mercado ordinario<\/strong>, teniendo en cuenta las necesidades de las familias. Se incluyen viviendas en propiedad y cesiones de particulares, as\u00ed como cesiones procedentes de convenios con Administraciones p\u00fablicas, bancos y otras entidades del sector social. Tambi\u00e9n viviendas alquiladas en el mercado privado.<\/p>\n<p>Los desahucios y problemas econ\u00f3micos o el hecho de vivir en viviendas que no cumplen condiciones m\u00ednimas de habitabilidad son algunos de los principales motivos que motivan la entrada al programa de la Fundaci\u00f3n.<\/p>\n","protected":false},"excerpt":{"rendered":"<p>En el D\u00eda Mundial del H\u00e1bitat, centrado en el lema &#8220;Hogares asequibles&#8221;, queremos recordar la tarea que realiza la Fundaci\u00f3 Foment de l\u2019Habitatge Social. La Fundaci\u00f3n trabaja precisamente para que las personas m\u00e1s vulnerables puedan disponer de un hogar digno El primer lunes de octubre se celebra el D\u00eda Mundial del H\u00e1bitat, una fecha en [&hellip;]<\/p>\n","protected":false},"author":4,"featured_media":5314,"comment_status":"open","ping_status":"open","sticky":false,"template":"","format":"standard","meta":{"footnotes":""},"categories":[24],"tags":[1178,1179,935],"autor":[36],"class_list":["post-5316","post","type-post","status-publish","format-standard","has-post-thumbnail","hentry","category-sin-hogar-y-vivienda","tag-alquiler-social","tag-sin-hogar","tag-vivienda","autor-caritas-diocesana-de-barcelona-es"],"aioseo_notices":[],"_links":{"self":[{"href":"https:\/\/blog.caritas.barcelona\/es\/wp-json\/wp\/v2\/posts\/5316","targetHints":{"allow":["GET"]}}],"collection":[{"href":"https:\/\/blog.caritas.barcelona\/es\/wp-json\/wp\/v2\/posts"}],"about":[{"href":"https:\/\/blog.caritas.barcelona\/es\/wp-json\/wp\/v2\/types\/post"}],"author":[{"embeddable":true,"href":"https:\/\/blog.caritas.barcelona\/es\/wp-json\/wp\/v2\/users\/4"}],"replies":[{"embeddable":true,"href":"https:\/\/blog.caritas.barcelona\/es\/wp-json\/wp\/v2\/comments?post=5316"}],"version-history":[{"count":1,"href":"https:\/\/blog.caritas.barcelona\/es\/wp-json\/wp\/v2\/posts\/5316\/revisions"}],"predecessor-version":[{"id":5317,"href":"https:\/\/blog.caritas.barcelona\/es\/wp-json\/wp\/v2\/posts\/5316\/revisions\/5317"}],"wp:featuredmedia":[{"embeddable":true,"href":"https:\/\/blog.caritas.barcelona\/es\/wp-json\/wp\/v2\/media\/5314"}],"wp:attachment":[{"href":"https:\/\/blog.caritas.barcelona\/es\/wp-json\/wp\/v2\/media?parent=5316"}],"wp:term":[{"taxonomy":"category","embeddable":true,"href":"https:\/\/blog.caritas.barcelona\/es\/wp-json\/wp\/v2\/categories?post=5316"},{"taxonomy":"post_tag","embeddable":true,"href":"https:\/\/blog.caritas.barcelona\/es\/wp-json\/wp\/v2\/tags?post=5316"},{"taxonomy":"autor","embeddable":true,"href":"https:\/\/blog.caritas.barcelona\/es\/wp-json\/wp\/v2\/autor?post=5316"}],"curies":[{"name":"wp","href":"https:\/\/api.w.org\/{rel}","templated":true}]}}