{"id":5298,"date":"2017-09-26T14:15:14","date_gmt":"2017-09-26T12:15:14","guid":{"rendered":"https:\/\/blog.caritas.barcelona\/?p=5298\/"},"modified":"2017-10-09T11:46:40","modified_gmt":"2017-10-09T09:46:40","slug":"el-gobierno-espanol-solo-ha-acogido-a-1-983-personas-refugiadas-de-las-17-337-comprometidas","status":"publish","type":"post","link":"https:\/\/blog.caritas.barcelona\/es\/mobilidad-humana\/el-gobierno-espanol-solo-ha-acogido-a-1-983-personas-refugiadas-de-las-17-337-comprometidas\/","title":{"rendered":"El Gobierno Espa\u00f1ol s\u00f3lo ha acogido a 1.983 personas refugiadas de las 17.337 comprometidas"},"content":{"rendered":"<p>Este 26 de septiembre\u00a0finaliza el plazo que el Gobierno Central estableci\u00f3 con la Uni\u00f3n Europea para acoger a 17.337 personas refugiadas.<\/p>\n<p><img loading=\"lazy\" decoding=\"async\" class=\"wp-image-5293 aligncenter\" src=\"https:\/\/blog.caritas.barcelona\/wp-content\/uploads\/sites\/2\/2017\/09\/veniuja-1024x538.jpg\" alt=\"Refugiats sirians C\u00e0ritas\" width=\"769\" height=\"404\" srcset=\"https:\/\/blog.caritas.barcelona\/wp-content\/uploads\/sites\/2\/2017\/09\/veniuja-1024x538.jpg 1024w, https:\/\/blog.caritas.barcelona\/wp-content\/uploads\/sites\/2\/2017\/09\/veniuja-300x158.jpg 300w, https:\/\/blog.caritas.barcelona\/wp-content\/uploads\/sites\/2\/2017\/09\/veniuja-768x403.jpg 768w, https:\/\/blog.caritas.barcelona\/wp-content\/uploads\/sites\/2\/2017\/09\/veniuja-600x315.jpg 600w, https:\/\/blog.caritas.barcelona\/wp-content\/uploads\/sites\/2\/2017\/09\/veniuja.jpg 1200w\" sizes=\"auto, (max-width: 769px) 100vw, 769px\" \/><\/p>\n<p>Este compromiso firmado en septiembre de 2015 instaba a acoger a 15.888 personas reubicadas de Italia o Grecia y 1.449 reasentadas de Turqu\u00eda, L\u00edbano o Jordania. Desgraciadamente, este compromiso no se ha cumplido, y en dos a\u00f1os el Estado Espa\u00f1ol s\u00f3lo ha acogido a 1.983 personas refugiadas de las 17.337 indicadas.<\/p>\n<p>Ante esta situaci\u00f3n flagrante, C\u00e1ritas Diocesana de Barcelona denuncia que <strong>el Gobierno Central no ha hecho ning\u00fan gesto para llevar a cabo una pol\u00edtica activa y real en favor de las personas refugiadas<\/strong>. Consideramos que <strong>el Plan Estatal de Refugio es muy r\u00edgido, y no garantiza que las personas refugiadas que ya han llegado puedan ser totalmente aut\u00f3nomas en 18 meses<\/strong>. El Plan garantiza una atenci\u00f3n de un a\u00f1o y medio (dos a\u00f1os en los casos m\u00e1s vulnerables), y pese a que las personas cuentan con ayudas en alimentaci\u00f3n, vivienda y formaci\u00f3n, el plazo es insuficiente para considerar que la persona podr\u00e1 iniciar una nueva vida sin ninguna ayuda social. Afirmamos que <strong>las familias refugiadas necesitan m\u00e1s tiempo para conocer la lengua, encontrar un trabajo estable y contar con una vivienda digna<\/strong>.<\/p>\n<p>Por todo ello, durante septiembre de 2015 C\u00e1ritas Diocesana de Barcelona puso en marcha el <strong>Servicio de ayuda a los refugiados, un programa complementario al Plan Estatal de Refugio que actualmente est\u00e1 atendiendo a 83 personas<\/strong> (35 familias) procedentes de pa\u00edses que pueden optar a asilo o refugio. De estas, 17 familias son acogidas en pisos de C\u00e1ritas Diocesana de Barcelona, \u200b\u200bde parroquias o de particulares.<\/p>\n<p>Las familias acogidas por C\u00e1ritas cuentan en todo momento con un acompa\u00f1amiento social por parte del equipo de la entidad, sin plazos y con el fin de que puedan conocer la lengua a trav\u00e9s de cursos, realizar orientaciones laborales o guiarlos en todo aquello que fomente una mejor adaptaci\u00f3n en nuestro pa\u00eds.<br \/>\nAdem\u00e1s, durante este mes de julio C\u00e1ritas Diocesana de Barcelona ha iniciado un proyecto de mentor\u00eda impulsado por la Generalitat de Catalu\u00f1a. Este programa piloto pone en com\u00fan a siete familias refugiadas acogidas por C\u00e1ritas con mentores que se han apuntado como voluntarios de la entidad. El objetivo es que con esta mentor\u00eda los voluntarios participen activamente en la acogida y la integraci\u00f3n de las personas refugiadas que viven en la di\u00f3cesis de Barcelona.<\/p>\n<p>Las personas refugiadas que llegan a C\u00e1ritas lo hacen por voluntad propia o derivadas de las entidades que forman parte del Plan Estatal una vez finalizados los 18 o 24 meses.<\/p>\n<p><img loading=\"lazy\" decoding=\"async\" class=\"wp-image-3313 aligncenter\" src=\"https:\/\/blog.caritas.barcelona\/wp-content\/uploads\/sites\/2\/2017\/07\/opiniorefugiats.jpg\" alt=\"\" width=\"768\" height=\"511\" srcset=\"https:\/\/blog.caritas.barcelona\/wp-content\/uploads\/sites\/2\/2017\/07\/opiniorefugiats.jpg 600w, https:\/\/blog.caritas.barcelona\/wp-content\/uploads\/sites\/2\/2017\/07\/opiniorefugiats-300x200.jpg 300w\" sizes=\"auto, (max-width: 768px) 100vw, 768px\" \/><\/p>\n<p><strong>Demandas espec\u00edficas al Gobierno Espa\u00f1ol y la UE<\/strong><\/p>\n<p>C\u00e1ritas Diocesana de Barcelona se suma a las demandas de C\u00e1ritas Europa e instamos al Gobierno Espa\u00f1ol a no abdicar de los valores y las obligaciones de protecci\u00f3n de la UE con el pretexto de frenar la migraci\u00f3n. <strong>Es necesario que los responsables pol\u00edticos superen su obsesi\u00f3n por la seguridad y den prioridad a la construcci\u00f3n de un sistema de asilo de la UE coherente y cre\u00edble basado en la solidaridad<\/strong>. Teniendo en cuenta el enfoque com\u00fan de la UE en materia de migraci\u00f3n, C\u00e1ritas Diocesana de Barcelona pide a los estados miembros de la UE, a las instituciones comunitarias y especialmente al Gobierno Espa\u00f1ol:<\/p>\n<ul>\n<li>Intensificar los esfuerzos para reubicar m\u00e1s refugiados antes de finales de septiembre priorizando aquellos casos que se encuentran en una situaci\u00f3n m\u00e1s vulnerable.<\/li>\n<li>Contar con un Plan Estatal de Refugio que trabaje con procesos vitales y no con plazos r\u00edgidos de 18 o 24 meses.<\/li>\n<li>Ampliar las v\u00edas legales y seguras en Europa por medio de visados \u200b\u200bhumanitarios, corredores humanitarios, la reagrupaci\u00f3n familiar o los programas de patrocinio comunitario.<\/li>\n<li>Los migrantes no deben ser devueltos o mantenidos en Libia si esto conduce a violaciones generalizadas de los derechos humanos.<\/li>\n<li>Las instituciones de la UE y los Estados miembros deber\u00edan dejar de penalizar a las ONG que apoyan a los migrantes, tanto en el mar como en tierra firme.<\/li>\n<\/ul>\n","protected":false},"excerpt":{"rendered":"<p>Este 26 de septiembre\u00a0finaliza el plazo que el Gobierno Central estableci\u00f3 con la Uni\u00f3n Europea para acoger a 17.337 personas refugiadas. Este compromiso firmado en septiembre de 2015 instaba a acoger a 15.888 personas reubicadas de Italia o Grecia y 1.449 reasentadas de Turqu\u00eda, L\u00edbano o Jordania. Desgraciadamente, este compromiso no se ha cumplido, y [&hellip;]<\/p>\n","protected":false},"author":4,"featured_media":5296,"comment_status":"open","ping_status":"open","sticky":false,"template":"","format":"standard","meta":{"footnotes":""},"categories":[25],"tags":[],"autor":[36],"class_list":["post-5298","post","type-post","status-publish","format-standard","has-post-thumbnail","hentry","category-mobilidad-humana","autor-caritas-diocesana-de-barcelona-es"],"aioseo_notices":[],"_links":{"self":[{"href":"https:\/\/blog.caritas.barcelona\/es\/wp-json\/wp\/v2\/posts\/5298","targetHints":{"allow":["GET"]}}],"collection":[{"href":"https:\/\/blog.caritas.barcelona\/es\/wp-json\/wp\/v2\/posts"}],"about":[{"href":"https:\/\/blog.caritas.barcelona\/es\/wp-json\/wp\/v2\/types\/post"}],"author":[{"embeddable":true,"href":"https:\/\/blog.caritas.barcelona\/es\/wp-json\/wp\/v2\/users\/4"}],"replies":[{"embeddable":true,"href":"https:\/\/blog.caritas.barcelona\/es\/wp-json\/wp\/v2\/comments?post=5298"}],"version-history":[{"count":2,"href":"https:\/\/blog.caritas.barcelona\/es\/wp-json\/wp\/v2\/posts\/5298\/revisions"}],"predecessor-version":[{"id":5301,"href":"https:\/\/blog.caritas.barcelona\/es\/wp-json\/wp\/v2\/posts\/5298\/revisions\/5301"}],"wp:featuredmedia":[{"embeddable":true,"href":"https:\/\/blog.caritas.barcelona\/es\/wp-json\/wp\/v2\/media\/5296"}],"wp:attachment":[{"href":"https:\/\/blog.caritas.barcelona\/es\/wp-json\/wp\/v2\/media?parent=5298"}],"wp:term":[{"taxonomy":"category","embeddable":true,"href":"https:\/\/blog.caritas.barcelona\/es\/wp-json\/wp\/v2\/categories?post=5298"},{"taxonomy":"post_tag","embeddable":true,"href":"https:\/\/blog.caritas.barcelona\/es\/wp-json\/wp\/v2\/tags?post=5298"},{"taxonomy":"autor","embeddable":true,"href":"https:\/\/blog.caritas.barcelona\/es\/wp-json\/wp\/v2\/autor?post=5298"}],"curies":[{"name":"wp","href":"https:\/\/api.w.org\/{rel}","templated":true}]}}