{"id":5170,"date":"2017-08-18T11:58:33","date_gmt":"2017-08-18T09:58:33","guid":{"rendered":"https:\/\/blog.caritas.barcelona\/?p=5170\/"},"modified":"2017-08-18T16:27:17","modified_gmt":"2017-08-18T14:27:17","slug":"caritas-diocesana-de-barcelona-expresa-su-pesame-por-el-atentado-de-barcelona","status":"publish","type":"post","link":"https:\/\/blog.caritas.barcelona\/es\/institucional-es\/caritas-diocesana-de-barcelona-expresa-su-pesame-por-el-atentado-de-barcelona\/","title":{"rendered":"C\u00e1ritas Diocesana de Barcelona expresa su p\u00e9same por el atentado de Barcelona"},"content":{"rendered":"<p>Ofrecemos todo nuestro apoyo y soporte a las v\u00edctimas y sus familiares y pedimos que el odio no inunde nuestros corazones<\/p>\n<p><img loading=\"lazy\" decoding=\"async\" class=\"wp-image-5173 aligncenter\" src=\"https:\/\/blog.caritas.barcelona\/wp-content\/uploads\/sites\/2\/2017\/08\/Paviment_Mir\u00f3_a_la_Rambla2-1024x427.jpg\" alt=\"\" width=\"643\" height=\"268\" srcset=\"https:\/\/blog.caritas.barcelona\/wp-content\/uploads\/sites\/2\/2017\/08\/Paviment_Mir\u00f3_a_la_Rambla2-1024x427.jpg 1024w, https:\/\/blog.caritas.barcelona\/wp-content\/uploads\/sites\/2\/2017\/08\/Paviment_Mir\u00f3_a_la_Rambla2-300x125.jpg 300w, https:\/\/blog.caritas.barcelona\/wp-content\/uploads\/sites\/2\/2017\/08\/Paviment_Mir\u00f3_a_la_Rambla2-768x320.jpg 768w, https:\/\/blog.caritas.barcelona\/wp-content\/uploads\/sites\/2\/2017\/08\/Paviment_Mir\u00f3_a_la_Rambla2-600x250.jpg 600w, https:\/\/blog.caritas.barcelona\/wp-content\/uploads\/sites\/2\/2017\/08\/Paviment_Mir\u00f3_a_la_Rambla2.jpg 1920w\" sizes=\"auto, (max-width: 643px) 100vw, 643px\" \/><\/p>\n<p>Barcelona ha sufrido, este jueves, un <strong>atentado terrorista en Las Ramblas<\/strong> que ha dejado 14 fallecidos y un centenar de heridos. Tambi\u00e9n de madrugada, en Cambrils, hubo un intento de atentado frustrado. Desde C\u00e1ritas Diocesana de Barcelona n<strong>os sumamos a la condena y rechazo de este atentado<\/strong> y de cualquier tipo de violencia. Transmitimos nuestras condolencias por esta tragedia y enviamos <strong>todo nuestro apoyo y respaldo a las v\u00edctimas y a sus familias<\/strong> tal y como indica el <a href=\"http:\/\/www.caritas.es\/noticias_tags_noticiaInfo.aspx?Id=11975\">comunicado enviado por C\u00e1ritas Espa\u00f1ol<\/a>a a todos los medios de comunicaci\u00f3n:<\/p>\n<p>&#8220;Todos los agentes de C\u00e1ritas, sus decenas de miles de voluntarios y trabajadores nos unimos al dolor de las familias que en este momento est\u00e1n sufriendo las consecuencias de tan execrable acci\u00f3n, y unimos nuestras oraciones a Dios, Se\u00f1or y Dador de vida, por el eterno descanso de los muertos y el r\u00e1pido restablecimiento de todos los heridos.<\/p>\n<p>La familia C\u00e1ritas transmite toda su cercan\u00eda a los hermanos de las C\u00e1ritas Diocesanas de Barcelona y de Tarragona, y nuestro aliento fraterno para seguir avanzando en su acci\u00f3n permanente de lucha contra la pobreza y de acompa\u00f1amiento a los m\u00e1s d\u00e9biles.<\/p>\n<p>En estos momentos de dolor e incertidumbre, C\u00e1ritas quiere reafirmar su compromiso, en Espa\u00f1a y en todo el mundo, con la causa de los derechos humanos y la paz que, como se\u00f1ala el recordado san Juan XXIII, &#8220;debe fundarse en la verdad , la justicia, el amor y la libertad&#8221;.<\/p>\n<p>Por su parte, <a href=\"http:\/\/www.caritas.eu\/news\/statement-following-yesterdays-events-in-barcelona\">C\u00e1ritas Europa tambi\u00e9n ha recordado a las v\u00edctimas &#8220;invisibles&#8221; del terror<\/a> pero ha apelado al trabajo conjunto: &#8220;Tenemos que trabajar juntos para permitir que todos y cada uno de nosotros vivamos en paz y dignidad. Atendiendo las palabras del papa Francisco, debemos embarcarnos en una &#8220;revoluci\u00f3n de la ternura&#8221; y utilizar este &#8220;camino de solidaridad&#8221; para superar los atroces desaf\u00edos a los que nos enfrentamos hoy. &#8220;Todo el mundo puede ser un artesano de la paz&#8221;.&#8221;<\/p>\n<p><strong>Apoyo de toda la comunidad eclesial<\/strong><\/p>\n<p>Tambi\u00e9n la <a href=\"https:\/\/www.esglesiabarcelona.cat\/actualitat\/lesglesia-expressa-el-seu-condol\/\">Iglesia de Barcelona ha mostrado su solidaridad<\/a>: el arzobispo Omella ha suspendido su retiro espiritual en Castell\u00f3n, ha transmitido sus condolencias por las v\u00edctimas y dese\u00f3 una pronta recuperaci\u00f3n para los heridos. El obispo auxiliar, Sebasti\u00e0 Taltavull, tambi\u00e9n ha tomado un vuelo a Barcelona para estar m\u00e1s cerca de las v\u00edctimas.<\/p>\n<p>La <a href=\"http:\/\/www.conferenciaepiscopal.es\/nota-la-secretaria-general-la-conferencia-episcopal-espanola-atentado-barcelona\/\">Conferencia Episcopal Espa\u00f1ola<\/a> y la <a href=\"http:\/\/www.tarraconense.cat\/index.php?arxiu=fitxa_document&amp;id=25259\">Conferencia Episcopal Tarraconense<\/a> tambi\u00e9n han condenado la &#8220;barbarie del atentado&#8221; y rezan intensamente por los heridos, por los familiares y amigos de todos los afectados, as\u00ed como para toda la archidi\u00f3cesis de Barcelona.<\/p>\n<p>Incluso el Papa Francisco ha dedicado unas palabras de condolencia y solidaridad en Barcelona. El pont\u00edfice expres\u00f3 su cercan\u00eda a todo el pueblo espa\u00f1ol, en especial a las v\u00edctimas ya sus familiares.<\/p>\n","protected":false},"excerpt":{"rendered":"<p>Ofrecemos todo nuestro apoyo y soporte a las v\u00edctimas y sus familiares y pedimos que el odio no inunde nuestros corazones Barcelona ha sufrido, este jueves, un atentado terrorista en Las Ramblas que ha dejado 14 fallecidos y un centenar de heridos. Tambi\u00e9n de madrugada, en Cambrils, hubo un intento de atentado frustrado. Desde C\u00e1ritas [&hellip;]<\/p>\n","protected":false},"author":4,"featured_media":5173,"comment_status":"open","ping_status":"open","sticky":false,"template":"","format":"standard","meta":{"footnotes":""},"categories":[21],"tags":[1159],"autor":[36],"class_list":["post-5170","post","type-post","status-publish","format-standard","has-post-thumbnail","hentry","category-institucional-es","tag-atentado-barcelona","autor-caritas-diocesana-de-barcelona-es"],"aioseo_notices":[],"_links":{"self":[{"href":"https:\/\/blog.caritas.barcelona\/es\/wp-json\/wp\/v2\/posts\/5170","targetHints":{"allow":["GET"]}}],"collection":[{"href":"https:\/\/blog.caritas.barcelona\/es\/wp-json\/wp\/v2\/posts"}],"about":[{"href":"https:\/\/blog.caritas.barcelona\/es\/wp-json\/wp\/v2\/types\/post"}],"author":[{"embeddable":true,"href":"https:\/\/blog.caritas.barcelona\/es\/wp-json\/wp\/v2\/users\/4"}],"replies":[{"embeddable":true,"href":"https:\/\/blog.caritas.barcelona\/es\/wp-json\/wp\/v2\/comments?post=5170"}],"version-history":[{"count":5,"href":"https:\/\/blog.caritas.barcelona\/es\/wp-json\/wp\/v2\/posts\/5170\/revisions"}],"predecessor-version":[{"id":5179,"href":"https:\/\/blog.caritas.barcelona\/es\/wp-json\/wp\/v2\/posts\/5170\/revisions\/5179"}],"wp:featuredmedia":[{"embeddable":true,"href":"https:\/\/blog.caritas.barcelona\/es\/wp-json\/wp\/v2\/media\/5173"}],"wp:attachment":[{"href":"https:\/\/blog.caritas.barcelona\/es\/wp-json\/wp\/v2\/media?parent=5170"}],"wp:term":[{"taxonomy":"category","embeddable":true,"href":"https:\/\/blog.caritas.barcelona\/es\/wp-json\/wp\/v2\/categories?post=5170"},{"taxonomy":"post_tag","embeddable":true,"href":"https:\/\/blog.caritas.barcelona\/es\/wp-json\/wp\/v2\/tags?post=5170"},{"taxonomy":"autor","embeddable":true,"href":"https:\/\/blog.caritas.barcelona\/es\/wp-json\/wp\/v2\/autor?post=5170"}],"curies":[{"name":"wp","href":"https:\/\/api.w.org\/{rel}","templated":true}]}}