{"id":5164,"date":"2017-08-14T13:18:47","date_gmt":"2017-08-14T11:18:47","guid":{"rendered":"https:\/\/blog.caritas.barcelona\/?p=5164\/"},"modified":"2017-08-14T13:19:55","modified_gmt":"2017-08-14T11:19:55","slug":"verano-en-glamparetes","status":"publish","type":"post","link":"https:\/\/blog.caritas.barcelona\/es\/familia-e-infancia\/verano-en-glamparetes\/","title":{"rendered":"Verano en Glamparetes"},"content":{"rendered":"<p>Del 22 de junio al 22 de julio el Centro Abierto Glamparetes organiza un casal de verano para todos los ni\u00f1os que van durante el curso<\/p>\n<p><img loading=\"lazy\" decoding=\"async\" class=\"wp-image-5161 aligncenter\" src=\"https:\/\/blog.caritas.barcelona\/wp-content\/uploads\/sites\/2\/2017\/08\/20170712_Glamparetes_Casal_juliol-19-1024x683.jpg\" alt=\"\" width=\"619\" height=\"413\" srcset=\"https:\/\/blog.caritas.barcelona\/wp-content\/uploads\/sites\/2\/2017\/08\/20170712_Glamparetes_Casal_juliol-19-1024x683.jpg 1024w, https:\/\/blog.caritas.barcelona\/wp-content\/uploads\/sites\/2\/2017\/08\/20170712_Glamparetes_Casal_juliol-19-300x200.jpg 300w, https:\/\/blog.caritas.barcelona\/wp-content\/uploads\/sites\/2\/2017\/08\/20170712_Glamparetes_Casal_juliol-19-768x512.jpg 768w, https:\/\/blog.caritas.barcelona\/wp-content\/uploads\/sites\/2\/2017\/08\/20170712_Glamparetes_Casal_juliol-19-600x400.jpg 600w, https:\/\/blog.caritas.barcelona\/wp-content\/uploads\/sites\/2\/2017\/08\/20170712_Glamparetes_Casal_juliol-19.jpg 1620w\" sizes=\"auto, (max-width: 619px) 100vw, 619px\" \/><\/p>\n<p>Natalia y Marc son una educadora y un integrador social que se encargan del grupo de los m\u00e1s peque\u00f1os del centro abierto Glamparetes. El centro cambia ligeramente sus actividades en el verano: ofrecen un <strong>casal de verano pero sin cambiar su esencia de acompa\u00f1amiento<\/strong> a los ni\u00f1os y a las familias.<br \/>\nLos ni\u00f1os llegan a las 10h, suben cada uno a la sala que les toca y esperan a que lleguen los dem\u00e1s. Cuando ya est\u00e1n todos es la hora de desayunar Despu\u00e9s de un buen bocadillo cada ni\u00f1o realiza una tarea, como en casa: recoger la mesa, poner los platos en el lavavajillas, limpiar el suelo\u2026 Cuando todo est\u00e1 limpio dan comienzo las actividades, pero no sin antes lavarse los dientes, h\u00e1bito diario muy importante.<\/p>\n<p><strong>Divertirse aprendiendo<\/strong><\/p>\n<p>Hoy se quedan en el centro para realizar algunos talleres. Se ponen las batas y se preparan para ensuciarse las manos y los pies de pintura. Las manualidades son una de las actividades que m\u00e1s les gusta a los ni\u00f1os de Glamparetes. Eso y tambi\u00e9n ir a la playa. Cada viernes cruzan las dos calles que les separan de la playa de la Barceloneta y se pasan el d\u00eda en el agua y jugando. Otros d\u00edas van al parque de la Ciutadella, a la piscina de La Floresta, ven una pel\u00edcula o cocinan entre muchas otras cosas. Tienen muy poco tiempo para aburrirse.<\/p>\n<p><img loading=\"lazy\" decoding=\"async\" class=\"wp-image-5159 aligncenter\" src=\"https:\/\/blog.caritas.barcelona\/wp-content\/uploads\/sites\/2\/2017\/08\/20170712_Glamparetes_Casal_juliol-13-1024x683.jpg\" alt=\"Casal d'estiu del Centre Obert Glamparetes de C\u00e0ritas Diocesana de Barcelona\" width=\"600\" height=\"400\" srcset=\"https:\/\/blog.caritas.barcelona\/wp-content\/uploads\/sites\/2\/2017\/08\/20170712_Glamparetes_Casal_juliol-13-1024x683.jpg 1024w, https:\/\/blog.caritas.barcelona\/wp-content\/uploads\/sites\/2\/2017\/08\/20170712_Glamparetes_Casal_juliol-13-300x200.jpg 300w, https:\/\/blog.caritas.barcelona\/wp-content\/uploads\/sites\/2\/2017\/08\/20170712_Glamparetes_Casal_juliol-13-768x512.jpg 768w, https:\/\/blog.caritas.barcelona\/wp-content\/uploads\/sites\/2\/2017\/08\/20170712_Glamparetes_Casal_juliol-13-600x400.jpg 600w, https:\/\/blog.caritas.barcelona\/wp-content\/uploads\/sites\/2\/2017\/08\/20170712_Glamparetes_Casal_juliol-13.jpg 1620w\" sizes=\"auto, (max-width: 600px) 100vw, 600px\" \/><\/p>\n<p>A parte de las actividades fijas<strong> tambi\u00e9n hacen salidas m\u00e1s largas<\/strong>, ya sean culturales o de ocio: al Tibidabo o a Illa Fantasia. Son los mismos ni\u00f1os, los que dan ideas y escogen, mediante asambleas, las actividades que quieren hacer y los sitios a los que quieren ir. A partir de ah\u00ed y ci\u00f1\u00e9ndose al presupuesto, se organizan las actividades.<\/p>\n<p><strong>Inteligencia emocional<\/strong><\/p>\n<p>Una pareja educativa, formada por un\/a educador\/a y un\/a integrador\/a social en cada grupo, se ocupan de los ni\u00f1os, les preparan las actividades que hacen al mismo tiempo que trabajan sus emociones, los h\u00e1bitos y la construcci\u00f3n del yo.<\/p>\n<p>Dos d\u00edas a la semana los ni\u00f1os se quedan en el centro para <strong>garantizar que tengan, al menos, una comida digna al d\u00eda<\/strong>. Los otros tres d\u00edas marchan a las 14h. Natalia, la educadora social que trabaja con los m\u00e1s peque\u00f1os de Glamparetes explica: \u201cHacemos actividades para reforzar los h\u00e1bitos diarios, para que, de esta manera, cuando tengan una dificultad, puedan superarla con las herramientas que les hemos ofrecido\u201d.<\/p>\n<p><img loading=\"lazy\" decoding=\"async\" class=\"wp-image-5157 aligncenter\" src=\"https:\/\/blog.caritas.barcelona\/wp-content\/uploads\/sites\/2\/2017\/08\/20170712_Glamparetes_Casal_juliol-7-1024x683.jpg\" alt=\"Centre Obert Glamparetes de C\u00e0ritas Diocesana de Barcelona\" width=\"602\" height=\"402\" srcset=\"https:\/\/blog.caritas.barcelona\/wp-content\/uploads\/sites\/2\/2017\/08\/20170712_Glamparetes_Casal_juliol-7-1024x683.jpg 1024w, https:\/\/blog.caritas.barcelona\/wp-content\/uploads\/sites\/2\/2017\/08\/20170712_Glamparetes_Casal_juliol-7-300x200.jpg 300w, https:\/\/blog.caritas.barcelona\/wp-content\/uploads\/sites\/2\/2017\/08\/20170712_Glamparetes_Casal_juliol-7-768x512.jpg 768w, https:\/\/blog.caritas.barcelona\/wp-content\/uploads\/sites\/2\/2017\/08\/20170712_Glamparetes_Casal_juliol-7-600x400.jpg 600w, https:\/\/blog.caritas.barcelona\/wp-content\/uploads\/sites\/2\/2017\/08\/20170712_Glamparetes_Casal_juliol-7.jpg 1620w\" sizes=\"auto, (max-width: 602px) 100vw, 602px\" \/><\/p>\n<p>Aunque las actividades diarias les encantan, el momento que todos los ni\u00f1os del Centro Abierto Glamparetes est\u00e1n esperando son las colonias de finales de julio: tres d\u00edas fuera del centro llenos de yincanas, manualidades, piscina y bailes. Los dos primeros d\u00edas los ni\u00f1os conviven con integradores y los educadores, pero el tercer d\u00eda suben las familias para realizar una actividad conjunta: ba\u00f1arse en la piscina y comer todos juntos.<\/p>\n<p>El reloj marca ya las 14h, los ni\u00f1os van marchando uno a uno a casa, contentos y explic\u00e1ndoles a sus padres lo bien que lo han pasado hoy. Sonr\u00eden a Marc y a Natalia, que ma\u00f1ana a las 10h les esperar\u00e1n en la puerta para hacer el verano m\u00e1s soportable.<\/p>\n","protected":false},"excerpt":{"rendered":"<p>Del 22 de junio al 22 de julio el Centro Abierto Glamparetes organiza un casal de verano para todos los ni\u00f1os que van durante el curso Natalia y Marc son una educadora y un integrador social que se encargan del grupo de los m\u00e1s peque\u00f1os del centro abierto Glamparetes. El centro cambia ligeramente sus actividades [&hellip;]<\/p>\n","protected":false},"author":4,"featured_media":5162,"comment_status":"open","ping_status":"open","sticky":false,"template":"","format":"standard","meta":{"footnotes":""},"categories":[28],"tags":[1156,1137,1157],"autor":[36],"class_list":["post-5164","post","type-post","status-publish","format-standard","has-post-thumbnail","hentry","category-familia-e-infancia","tag-casal-de-verano","tag-centro-abierto-glamparetes","tag-centros-abiertos","autor-caritas-diocesana-de-barcelona-es"],"aioseo_notices":[],"_links":{"self":[{"href":"https:\/\/blog.caritas.barcelona\/es\/wp-json\/wp\/v2\/posts\/5164","targetHints":{"allow":["GET"]}}],"collection":[{"href":"https:\/\/blog.caritas.barcelona\/es\/wp-json\/wp\/v2\/posts"}],"about":[{"href":"https:\/\/blog.caritas.barcelona\/es\/wp-json\/wp\/v2\/types\/post"}],"author":[{"embeddable":true,"href":"https:\/\/blog.caritas.barcelona\/es\/wp-json\/wp\/v2\/users\/4"}],"replies":[{"embeddable":true,"href":"https:\/\/blog.caritas.barcelona\/es\/wp-json\/wp\/v2\/comments?post=5164"}],"version-history":[{"count":1,"href":"https:\/\/blog.caritas.barcelona\/es\/wp-json\/wp\/v2\/posts\/5164\/revisions"}],"predecessor-version":[{"id":5165,"href":"https:\/\/blog.caritas.barcelona\/es\/wp-json\/wp\/v2\/posts\/5164\/revisions\/5165"}],"wp:featuredmedia":[{"embeddable":true,"href":"https:\/\/blog.caritas.barcelona\/es\/wp-json\/wp\/v2\/media\/5162"}],"wp:attachment":[{"href":"https:\/\/blog.caritas.barcelona\/es\/wp-json\/wp\/v2\/media?parent=5164"}],"wp:term":[{"taxonomy":"category","embeddable":true,"href":"https:\/\/blog.caritas.barcelona\/es\/wp-json\/wp\/v2\/categories?post=5164"},{"taxonomy":"post_tag","embeddable":true,"href":"https:\/\/blog.caritas.barcelona\/es\/wp-json\/wp\/v2\/tags?post=5164"},{"taxonomy":"autor","embeddable":true,"href":"https:\/\/blog.caritas.barcelona\/es\/wp-json\/wp\/v2\/autor?post=5164"}],"curies":[{"name":"wp","href":"https:\/\/api.w.org\/{rel}","templated":true}]}}