{"id":4977,"date":"2017-06-03T12:32:21","date_gmt":"2017-06-03T10:32:21","guid":{"rendered":"https:\/\/blog.caritas.barcelona\/?p=4977\/"},"modified":"2017-07-27T12:33:44","modified_gmt":"2017-07-27T10:33:44","slug":"xamfra-con-caritas-para-ofrecer-actividades-musicales-a-los-ninos","status":"publish","type":"post","link":"https:\/\/blog.caritas.barcelona\/es\/entidades-con-corazon\/xamfra-con-caritas-para-ofrecer-actividades-musicales-a-los-ninos\/","title":{"rendered":"Xamfr\u00e0, con C\u00e1ritas para ofrecer actividades musicales a los ni\u00f1os"},"content":{"rendered":"<div><strong>Xamfr\u00e0<\/strong> es una iniciativa de la Fundaci\u00f3 L\u2019ARC M\u00fasica, instituci\u00f3n dedicada a la educaci\u00f3n musical y art\u00edstica desde hace 40 a\u00f1os.<\/div>\n<div><\/div>\n<p><!--more--><\/p>\n<div>\u00daltimamente han acogido varios ni\u00f1os y ni\u00f1as atendidos por C\u00e1ritas para que puedan hacer guitarra, canto y baile.<\/div>\n<div><\/div>\n<div>\n<div><img loading=\"lazy\" decoding=\"async\" class=\"alignnone size-large wp-image-4973\" src=\"https:\/\/blog.caritas.barcelona\/wp-content\/uploads\/sites\/2\/2017\/06\/Captura-1024x439.png\" alt=\"\" width=\"1024\" height=\"439\" \/><\/div>\n<div><\/div>\n<div>Xamfr\u00e0 se define como un espacio de encuentro y de participaci\u00f3n art\u00edstica y educaci\u00f3n est\u00e9tica, independientemente de las posibilidades econ\u00f3micas de cada uno, por eso desde Xamfr\u00e0 lo quieren hacer accesible a todos.<\/div>\n<div><\/div>\n<div><\/div>\n<p>\u00a1\u00a1\u00a1Muchas <strong>gracias de todo coraz\u00f3n<\/strong> !!!<\/p>\n<\/div>\n","protected":false},"excerpt":{"rendered":"<p>Xamfr\u00e0 es una iniciativa de la Fundaci\u00f3 L\u2019ARC M\u00fasica, instituci\u00f3n dedicada a la educaci\u00f3n musical y art\u00edstica desde hace 40 a\u00f1os.<\/p>\n","protected":false},"author":4,"featured_media":4974,"comment_status":"open","ping_status":"open","sticky":false,"template":"","format":"standard","meta":{"footnotes":""},"categories":[22],"tags":[1146,1147,1148,49,815,784,345,1149],"autor":[36],"class_list":["post-4977","post","type-post","status-publish","format-standard","has-post-thumbnail","hentry","category-entidades-con-corazon","tag-actividades","tag-baile","tag-canto","tag-caritas","tag-entidades-con-corazon","tag-guitarra","tag-musica","tag-xamfre","autor-caritas-diocesana-de-barcelona-es"],"aioseo_notices":[],"_links":{"self":[{"href":"https:\/\/blog.caritas.barcelona\/es\/wp-json\/wp\/v2\/posts\/4977","targetHints":{"allow":["GET"]}}],"collection":[{"href":"https:\/\/blog.caritas.barcelona\/es\/wp-json\/wp\/v2\/posts"}],"about":[{"href":"https:\/\/blog.caritas.barcelona\/es\/wp-json\/wp\/v2\/types\/post"}],"author":[{"embeddable":true,"href":"https:\/\/blog.caritas.barcelona\/es\/wp-json\/wp\/v2\/users\/4"}],"replies":[{"embeddable":true,"href":"https:\/\/blog.caritas.barcelona\/es\/wp-json\/wp\/v2\/comments?post=4977"}],"version-history":[{"count":2,"href":"https:\/\/blog.caritas.barcelona\/es\/wp-json\/wp\/v2\/posts\/4977\/revisions"}],"predecessor-version":[{"id":4981,"href":"https:\/\/blog.caritas.barcelona\/es\/wp-json\/wp\/v2\/posts\/4977\/revisions\/4981"}],"wp:featuredmedia":[{"embeddable":true,"href":"https:\/\/blog.caritas.barcelona\/es\/wp-json\/wp\/v2\/media\/4974"}],"wp:attachment":[{"href":"https:\/\/blog.caritas.barcelona\/es\/wp-json\/wp\/v2\/media?parent=4977"}],"wp:term":[{"taxonomy":"category","embeddable":true,"href":"https:\/\/blog.caritas.barcelona\/es\/wp-json\/wp\/v2\/categories?post=4977"},{"taxonomy":"post_tag","embeddable":true,"href":"https:\/\/blog.caritas.barcelona\/es\/wp-json\/wp\/v2\/tags?post=4977"},{"taxonomy":"autor","embeddable":true,"href":"https:\/\/blog.caritas.barcelona\/es\/wp-json\/wp\/v2\/autor?post=4977"}],"curies":[{"name":"wp","href":"https:\/\/api.w.org\/{rel}","templated":true}]}}