{"id":4419,"date":"2017-04-20T00:00:00","date_gmt":"2017-04-19T22:00:00","guid":{"rendered":"https:\/\/blog.caritas.barcelona\/acogida-y-acompanamiento\/la-consultoria-sdg-group-colabora-con-caritas-en-la-gestion-de-sus-acciones\/"},"modified":"2017-04-20T00:00:00","modified_gmt":"2017-04-19T22:00:00","slug":"la-consultoria-sdg-group-colabora-con-caritas-en-la-gestion-de-sus-acciones","status":"publish","type":"post","link":"https:\/\/blog.caritas.barcelona\/es\/entidades-con-corazon\/la-consultoria-sdg-group-colabora-con-caritas-en-la-gestion-de-sus-acciones\/","title":{"rendered":"La consultoria SDG Group colabora con C\u00e1ritas en la gesti\u00f3n de sus acciones"},"content":{"rendered":"<p class=\"x_MsoNormal\">Hay muchas maneras de referirse a C\u00e1ritas Diocesana de Barcelona. Nuestros ejes son la acci\u00f3n social, la sensibilizaci\u00f3n y la denuncia.<\/p>\n<p class=\"x_MsoNormal\">Pero para poder desplegar nuestra actividad con eficiencia y m\u00e1ximo rigor, nos definimos tambi\u00e9n como\u00a0<strong>una organizaci\u00f3n bien gestionada<\/strong>.<\/p>\n<p class=\"x_MsoNormal\">\u00a0<a class=\"lightbox-img\" href=\"https:\/\/blog.caritas.barcelona\/wp-content\/uploads\/sites\/2\/2017\/04\/image001.jpg\"><img loading=\"lazy\" decoding=\"async\" class=\"aligncenter size-medium wp-image-12368 disappear appear\" src=\"https:\/\/blog.caritas.barcelona\/wp-content\/uploads\/sites\/2\/2017\/04\/image001-560x257.jpg\" sizes=\"auto, (max-width: 560px) 100vw, 560px\" srcset=\"https:\/\/blog.caritas.barcelona\/wp-content\/uploads\/sites\/2\/2017\/04\/image001-560x257.jpg 560w, https:\/\/blog.caritas.barcelona\/wp-content\/uploads\/sites\/2\/2017\/04\/image001.jpg 723w\" alt=\"image001\" width=\"560\" height=\"257\" \/><\/a><\/p>\n<p class=\"x_MsoNormal\">SDG Group es un firma de consultor\u00eda global, especializada en las \u00e1reas de Anal\u00edtica, Rendimiento Corporativo y Estrategia en el \u00e1mbito de la Tecnolog\u00eda, unos conceptos clave para garantizar que desde la \u00f3ptica de la gesti\u00f3n, se toman las decisiones m\u00e1s indicadas en el momento adecuado.<\/p>\n<p class=\"x_MsoNormal\">Gracias a la colaboraci\u00f3n de SDG durante el a\u00f1o 2016 y 2017, en C\u00e1ritas Diocesana de Barcelona disponemos de la mejor tecnolog\u00eda en materia de an\u00e1lisis de la informaci\u00f3n. La incorporaci\u00f3n de\u00a0<em>Qlik Sense<\/em> a nuestras herramientas de gesti\u00f3n y administraci\u00f3n de la informaci\u00f3n representa un punto de inflexi\u00f3n que estamos convencidos de que nos ayudar\u00e1 a hacer mejor nuestra tarea: acoger y trabajar con las personas en situaci\u00f3n de pobreza y necesidad, con la m\u00e1xima eficiencia de recursos y con la m\u00e1s adecuada gesti\u00f3n.<\/p>\n<p class=\"x_MsoNormal\">\u00a1Muchas gracias\u00a0<strong>con coraz\u00f3n<\/strong>!<\/p>\n","protected":false},"excerpt":{"rendered":"<p>Hay muchas maneras de referirse a C\u00e1ritas Diocesana de Barcelona. Nuestros ejes son la acci\u00f3n social, la sensibilizaci\u00f3n y la denuncia. Pero para poder desplegar nuestra actividad con eficiencia y m\u00e1ximo rigor, nos definimos tambi\u00e9n como\u00a0una organizaci\u00f3n bien gestionada. \u00a0 SDG Group es un firma de consultor\u00eda global, especializada en las \u00e1reas de Anal\u00edtica, Rendimiento [&hellip;]<\/p>\n","protected":false},"author":4,"featured_media":0,"comment_status":"open","ping_status":"open","sticky":false,"template":"","format":"standard","meta":{"footnotes":""},"categories":[22],"tags":[49,681,1128,683],"autor":[36],"class_list":["post-4419","post","type-post","status-publish","format-standard","hentry","category-entidades-con-corazon","tag-caritas","tag-consultoria","tag-gestion","tag-sdg-group","autor-caritas-diocesana-de-barcelona-es"],"aioseo_notices":[],"_links":{"self":[{"href":"https:\/\/blog.caritas.barcelona\/es\/wp-json\/wp\/v2\/posts\/4419","targetHints":{"allow":["GET"]}}],"collection":[{"href":"https:\/\/blog.caritas.barcelona\/es\/wp-json\/wp\/v2\/posts"}],"about":[{"href":"https:\/\/blog.caritas.barcelona\/es\/wp-json\/wp\/v2\/types\/post"}],"author":[{"embeddable":true,"href":"https:\/\/blog.caritas.barcelona\/es\/wp-json\/wp\/v2\/users\/4"}],"replies":[{"embeddable":true,"href":"https:\/\/blog.caritas.barcelona\/es\/wp-json\/wp\/v2\/comments?post=4419"}],"version-history":[{"count":1,"href":"https:\/\/blog.caritas.barcelona\/es\/wp-json\/wp\/v2\/posts\/4419\/revisions"}],"predecessor-version":[{"id":5049,"href":"https:\/\/blog.caritas.barcelona\/es\/wp-json\/wp\/v2\/posts\/4419\/revisions\/5049"}],"wp:attachment":[{"href":"https:\/\/blog.caritas.barcelona\/es\/wp-json\/wp\/v2\/media?parent=4419"}],"wp:term":[{"taxonomy":"category","embeddable":true,"href":"https:\/\/blog.caritas.barcelona\/es\/wp-json\/wp\/v2\/categories?post=4419"},{"taxonomy":"post_tag","embeddable":true,"href":"https:\/\/blog.caritas.barcelona\/es\/wp-json\/wp\/v2\/tags?post=4419"},{"taxonomy":"autor","embeddable":true,"href":"https:\/\/blog.caritas.barcelona\/es\/wp-json\/wp\/v2\/autor?post=4419"}],"curies":[{"name":"wp","href":"https:\/\/api.w.org\/{rel}","templated":true}]}}