{"id":4415,"date":"2017-04-06T00:00:00","date_gmt":"2017-04-05T22:00:00","guid":{"rendered":"https:\/\/blog.caritas.barcelona\/acogida-y-acompanamiento\/charla-interactiva-vivimos-o-pasamos-por-la-vida\/"},"modified":"2023-10-09T10:13:42","modified_gmt":"2023-10-09T08:13:42","slug":"charla-interactiva-vivimos-o-pasamos-por-la-vida","status":"publish","type":"post","link":"https:\/\/blog.caritas.barcelona\/es\/entidades-con-corazon\/charla-interactiva-vivimos-o-pasamos-por-la-vida\/","title":{"rendered":"Eduard Sala da una charla interactiva en la Universidad Abat Oliba CEU"},"content":{"rendered":"<p>El pasado 29 de marzo, Eduard Sala, Jefe del \u00c1rea de Acci\u00f3n Social de C\u00e1ritas Diocesana de Barcelona, dio una charla interactiva a los estudiantes de tercer y cuarto curso de Derecho y Educaci\u00f3n.<\/p>\n<p><!--more--><\/p>\n<p><img loading=\"lazy\" decoding=\"async\" class=\"aligncenter wp-image-12322 size-medium\" src=\"https:\/\/blog.caritas.barcelona\/wp-content\/uploads\/sites\/2\/2017\/04\/FOTO-UAO-28-03-2017-560x420.jpg\" alt=\"FOTO UAO 28-03-2017\" width=\"560\" height=\"420\" \/><\/p>\n<p>La charla, con el t\u00edtulo de &#8220;\u00bfVivimos o pasamos por la vida?&#8221;, se centraba en un tema de inter\u00e9s humano y personal para cada uno de los 55 estudiantes que asistieron.<\/p>\n<p><strong>Muchas gracias con coraz\u00f3n a la UAO CEU<\/strong> por su colaboraci\u00f3n!<\/p>\n","protected":false},"excerpt":{"rendered":"<p>El pasado 29 de marzo, Eduard Sala, Jefe del \u00c1rea de Acci\u00f3n Social de C\u00e1ritas Diocesana de Barcelona, dio una charla interactiva a los estudiantes de tercer y cuarto curso de Derecho y Educaci\u00f3n.<\/p>\n","protected":false},"author":4,"featured_media":4514,"comment_status":"closed","ping_status":"closed","sticky":false,"template":"","format":"standard","meta":{"footnotes":""},"categories":[22],"tags":[1224,1123,2174,2175],"autor":[36],"class_list":["post-4415","post","type-post","status-publish","format-standard","has-post-thumbnail","hentry","category-entidades-con-corazon","tag-caritas-es","tag-charla-interactiva","tag-uao-es","tag-uao-ceu-es","autor-caritas-diocesana-de-barcelona-es"],"aioseo_notices":[],"_links":{"self":[{"href":"https:\/\/blog.caritas.barcelona\/es\/wp-json\/wp\/v2\/posts\/4415","targetHints":{"allow":["GET"]}}],"collection":[{"href":"https:\/\/blog.caritas.barcelona\/es\/wp-json\/wp\/v2\/posts"}],"about":[{"href":"https:\/\/blog.caritas.barcelona\/es\/wp-json\/wp\/v2\/types\/post"}],"author":[{"embeddable":true,"href":"https:\/\/blog.caritas.barcelona\/es\/wp-json\/wp\/v2\/users\/4"}],"replies":[{"embeddable":true,"href":"https:\/\/blog.caritas.barcelona\/es\/wp-json\/wp\/v2\/comments?post=4415"}],"version-history":[{"count":2,"href":"https:\/\/blog.caritas.barcelona\/es\/wp-json\/wp\/v2\/posts\/4415\/revisions"}],"predecessor-version":[{"id":13281,"href":"https:\/\/blog.caritas.barcelona\/es\/wp-json\/wp\/v2\/posts\/4415\/revisions\/13281"}],"wp:featuredmedia":[{"embeddable":true,"href":"https:\/\/blog.caritas.barcelona\/es\/wp-json\/wp\/v2\/media\/4514"}],"wp:attachment":[{"href":"https:\/\/blog.caritas.barcelona\/es\/wp-json\/wp\/v2\/media?parent=4415"}],"wp:term":[{"taxonomy":"category","embeddable":true,"href":"https:\/\/blog.caritas.barcelona\/es\/wp-json\/wp\/v2\/categories?post=4415"},{"taxonomy":"post_tag","embeddable":true,"href":"https:\/\/blog.caritas.barcelona\/es\/wp-json\/wp\/v2\/tags?post=4415"},{"taxonomy":"autor","embeddable":true,"href":"https:\/\/blog.caritas.barcelona\/es\/wp-json\/wp\/v2\/autor?post=4415"}],"curies":[{"name":"wp","href":"https:\/\/api.w.org\/{rel}","templated":true}]}}