{"id":4405,"date":"2016-12-09T00:00:00","date_gmt":"2016-12-08T23:00:00","guid":{"rendered":"https:\/\/blog.caritas.barcelona\/acogida-y-acompanamiento\/escola-de-dansa-cristina-colome-un-ejemplo-de-apoyo-a-caritas\/"},"modified":"2016-12-09T00:00:00","modified_gmt":"2016-12-08T23:00:00","slug":"escola-de-dansa-cristina-colome-un-ejemplo-de-apoyo-a-caritas","status":"publish","type":"post","link":"https:\/\/blog.caritas.barcelona\/es\/entidades-con-corazon\/escola-de-dansa-cristina-colome-un-ejemplo-de-apoyo-a-caritas\/","title":{"rendered":"Escola de dansa Cristina Colom\u00e9, un ejemplo de apoyo a C\u00e1ritas"},"content":{"rendered":"<p style=\"text-align: justify;\">Desde hace <strong>m\u00e1s de 4 a\u00f1os<\/strong>, esta escuela de danza colabora con C\u00e1ritas otorgando clases gratuitas para unas <strong>30 ni\u00f1as<\/strong>. Recientemente hemos podido entrevistarnos unos minutos con <strong>D\u00aa Cristina Colom\u00e9<\/strong>, \u201calma mater\u201d de la escuela, que nos atendi\u00f3 amablemente y nos manifest\u00f3 su intenci\u00f3n de seguir colaborando, ya que, seg\u00fan nos cont\u00f3, \u201ca cambio de poco, observo <strong>cu\u00e1nto lo agradecen las ni\u00f1as<\/strong> e incluso sus familias\u201d.<!--more--><\/p>\n<p style=\"text-align: justify;\"><img loading=\"lazy\" decoding=\"async\" class=\"aligncenter wp-image-14952 size-full\" src=\"https:\/\/blog.caritas.barcelona\/wp-content\/uploads\/sites\/2\/2016\/12\/Logotip-Escola-Dansa-Cristina-Colome.gif\" alt=\"\" width=\"150\" height=\"150\" \/><\/p>\n<p style=\"text-align: justify;\">Desde C\u00e1ritas queremos hacer p\u00fablico nuestro agradecimiento a la <a href=\"http:\/\/www.escoladansa.com\/\"><strong>Escola\u00a0de dansa\u00a0Cristina Colom\u00e9<\/strong><\/a> y a todo su profesorado. <strong>GRACIAS CON CORAZ\u00d3N<\/strong>!!<\/p>\n","protected":false},"excerpt":{"rendered":"<p>Desde hace m\u00e1s de 4 a\u00f1os, esta escuela de danza colabora con C\u00e1ritas otorgando clases gratuitas para unas 30 ni\u00f1as. Recientemente hemos podido entrevistarnos unos minutos con D\u00aa Cristina Colom\u00e9, \u201calma mater\u201d de la escuela, que nos atendi\u00f3 amablemente y nos manifest\u00f3 su intenci\u00f3n de seguir colaborando, ya que, seg\u00fan nos cont\u00f3, \u201ca cambio de [&hellip;]<\/p>\n","protected":false},"author":4,"featured_media":0,"comment_status":"open","ping_status":"open","sticky":false,"template":"","format":"standard","meta":{"footnotes":""},"categories":[22],"tags":[62,49,639,1113,1058,1013],"autor":[36],"class_list":["post-4405","post","type-post","status-publish","format-standard","hentry","category-entidades-con-corazon","tag-barcelona","tag-caritas","tag-cristina-colome","tag-danza","tag-escuela","tag-solidaridad","autor-caritas-diocesana-de-barcelona-es"],"aioseo_notices":[],"_links":{"self":[{"href":"https:\/\/blog.caritas.barcelona\/es\/wp-json\/wp\/v2\/posts\/4405","targetHints":{"allow":["GET"]}}],"collection":[{"href":"https:\/\/blog.caritas.barcelona\/es\/wp-json\/wp\/v2\/posts"}],"about":[{"href":"https:\/\/blog.caritas.barcelona\/es\/wp-json\/wp\/v2\/types\/post"}],"author":[{"embeddable":true,"href":"https:\/\/blog.caritas.barcelona\/es\/wp-json\/wp\/v2\/users\/4"}],"replies":[{"embeddable":true,"href":"https:\/\/blog.caritas.barcelona\/es\/wp-json\/wp\/v2\/comments?post=4405"}],"version-history":[{"count":0,"href":"https:\/\/blog.caritas.barcelona\/es\/wp-json\/wp\/v2\/posts\/4405\/revisions"}],"wp:attachment":[{"href":"https:\/\/blog.caritas.barcelona\/es\/wp-json\/wp\/v2\/media?parent=4405"}],"wp:term":[{"taxonomy":"category","embeddable":true,"href":"https:\/\/blog.caritas.barcelona\/es\/wp-json\/wp\/v2\/categories?post=4405"},{"taxonomy":"post_tag","embeddable":true,"href":"https:\/\/blog.caritas.barcelona\/es\/wp-json\/wp\/v2\/tags?post=4405"},{"taxonomy":"autor","embeddable":true,"href":"https:\/\/blog.caritas.barcelona\/es\/wp-json\/wp\/v2\/autor?post=4405"}],"curies":[{"name":"wp","href":"https:\/\/api.w.org\/{rel}","templated":true}]}}