{"id":4394,"date":"2016-09-21T00:00:00","date_gmt":"2016-09-20T22:00:00","guid":{"rendered":"https:\/\/blog.caritas.barcelona\/acogida-y-acompanamiento\/autocares-izaro-con-los-ninos-del-centre-chanut\/"},"modified":"2016-09-21T00:00:00","modified_gmt":"2016-09-20T22:00:00","slug":"autocares-izaro-con-los-ninos-del-centre-chanut","status":"publish","type":"post","link":"https:\/\/blog.caritas.barcelona\/es\/entidades-con-corazon\/autocares-izaro-con-los-ninos-del-centre-chanut\/","title":{"rendered":"Autocares Izaro, con los ni\u00f1os del Centre Chanut"},"content":{"rendered":"<p style=\"text-align: justify;\">Los ni\u00f1os\u00a0del Centre Chanut pudieron disfrutar de las colonias de verano gracias a Autocares Izaro, que les llev\u00f3 hasta la <a href=\"http:\/\/www.casesdecolonies.cat\/osona\/casa-de-colonies-teresa-espona\/\"><strong>casa de colonias Teresa Espona<\/strong><\/a>\u00a0en Viladrau (Osona).<!--more--><\/p>\n<p style=\"text-align: justify;\">Los ni\u00f1os y ni\u00f1as del Centre, acompa\u00f1ados de diez monitores\/as, pudieron vivir la experiencia de irse de su entorno diario e ir a una casa de colonias para estar m\u00e1s cerca de la <strong>naturaleza<\/strong>, conocerla, hacer <strong>excursiones<\/strong>, actividades y ba\u00f1arse en la <strong>piscina<\/strong>! En las colonias, los ni\u00f1os del Centre\u00a0Chanut pudieron disfrutar de experiencias \u00fanicas, llenas de sonrisas, ilusiones y retos.<\/p>\n<p style=\"text-align: justify;\"><a href=\"https:\/\/blog.caritas.barcelona\/wp-content\/uploads\/sites\/2\/2016\/09\/chanut3.png\"><img loading=\"lazy\" decoding=\"async\" class=\"aligncenter size-medium wp-image-12012\" src=\"https:\/\/blog.caritas.barcelona\/wp-content\/uploads\/sites\/2\/2016\/09\/chanut3-560x315.png\" alt=\"chanut3\" width=\"560\" height=\"315\" \/><\/a><\/p>\n<p style=\"text-align: justify;\"><a href=\"https:\/\/blog.caritas.barcelona\/wp-content\/uploads\/sites\/2\/2016\/09\/chanut2.png\"><img loading=\"lazy\" decoding=\"async\" class=\"aligncenter size-medium wp-image-12010\" src=\"https:\/\/blog.caritas.barcelona\/wp-content\/uploads\/sites\/2\/2016\/09\/chanut2-560x315.png\" alt=\"chanut2\" width=\"560\" height=\"315\" \/><\/a><\/p>\n<p style=\"text-align: justify;\">\n<p style=\"text-align: justify;\">De parte de los trabajadores\/as sociales y de los ni\u00f1os\u00a0del Centre Chanut, queremos dar las gracias\u00a0a <a href=\"http:\/\/www.autocaresizaro.com\/\"><strong>Autocares Izaro<\/strong><\/a> por hacerlo posible!!! Muchas gracias!!!!<\/p>\n","protected":false},"excerpt":{"rendered":"<p>Los ni\u00f1os\u00a0del Centre Chanut pudieron disfrutar de las colonias de verano gracias a Autocares Izaro, que les llev\u00f3 hasta la casa de colonias Teresa Espona\u00a0en Viladrau (Osona).<\/p>\n","protected":false},"author":4,"featured_media":0,"comment_status":"open","ping_status":"open","sticky":false,"template":"","format":"standard","meta":{"footnotes":""},"categories":[22],"tags":[49,601,861,482,1077,823,603,1030],"autor":[36],"class_list":["post-4394","post","type-post","status-publish","format-standard","hentry","category-entidades-con-corazon","tag-caritas","tag-centre-chanut","tag-colonias","tag-esplai","tag-ninas","tag-ninos","tag-teresa-espona","tag-viladrau","autor-caritas-diocesana-de-barcelona-es"],"aioseo_notices":[],"_links":{"self":[{"href":"https:\/\/blog.caritas.barcelona\/es\/wp-json\/wp\/v2\/posts\/4394","targetHints":{"allow":["GET"]}}],"collection":[{"href":"https:\/\/blog.caritas.barcelona\/es\/wp-json\/wp\/v2\/posts"}],"about":[{"href":"https:\/\/blog.caritas.barcelona\/es\/wp-json\/wp\/v2\/types\/post"}],"author":[{"embeddable":true,"href":"https:\/\/blog.caritas.barcelona\/es\/wp-json\/wp\/v2\/users\/4"}],"replies":[{"embeddable":true,"href":"https:\/\/blog.caritas.barcelona\/es\/wp-json\/wp\/v2\/comments?post=4394"}],"version-history":[{"count":0,"href":"https:\/\/blog.caritas.barcelona\/es\/wp-json\/wp\/v2\/posts\/4394\/revisions"}],"wp:attachment":[{"href":"https:\/\/blog.caritas.barcelona\/es\/wp-json\/wp\/v2\/media?parent=4394"}],"wp:term":[{"taxonomy":"category","embeddable":true,"href":"https:\/\/blog.caritas.barcelona\/es\/wp-json\/wp\/v2\/categories?post=4394"},{"taxonomy":"post_tag","embeddable":true,"href":"https:\/\/blog.caritas.barcelona\/es\/wp-json\/wp\/v2\/tags?post=4394"},{"taxonomy":"autor","embeddable":true,"href":"https:\/\/blog.caritas.barcelona\/es\/wp-json\/wp\/v2\/autor?post=4394"}],"curies":[{"name":"wp","href":"https:\/\/api.w.org\/{rel}","templated":true}]}}