{"id":4393,"date":"2016-09-20T00:00:00","date_gmt":"2016-09-19T22:00:00","guid":{"rendered":"https:\/\/blog.caritas.barcelona\/acogida-y-acompanamiento\/edittec-un-ano-mas-al-lado-de-entidades-con-corazon\/"},"modified":"2023-08-15T11:39:46","modified_gmt":"2023-08-15T09:39:46","slug":"edittec-un-ano-mas-al-lado-de-entidades-con-corazon","status":"publish","type":"post","link":"https:\/\/blog.caritas.barcelona\/es\/entidades-con-corazon\/edittec-un-ano-mas-al-lado-de-entidades-con-corazon\/","title":{"rendered":"Edittec, un a\u00f1o m\u00e1s al lado de Entidades con Coraz\u00f3n"},"content":{"rendered":"<p style=\"text-align: justify;\">Edittec, la empresa de dise\u00f1o, creatividad y tecnolog\u00eda web, lleva a\u00f1os colaborando con C\u00e1ritas. Este a\u00f1o, con la maquetaci\u00f3n del <strong>21 Informativo de Entidades con Coraz\u00f3n<\/strong>. Adem\u00e1s, este a\u00f1o ha impulsado generosamente la reforma de esta p\u00e1gina web de Entidades con Coraz\u00f3n, haci\u00e9ndola mucho m\u00e1s visual y facilitando la navegaci\u00f3n.<!--more--><\/p>\n<p><a href=\"https:\/\/blog.caritas.barcelona\/wp-content\/uploads\/sites\/2\/2014\/12\/logo_edittec1.png\"><img loading=\"lazy\" decoding=\"async\" class=\"aligncenter size-full wp-image-9007\" src=\"https:\/\/blog.caritas.barcelona\/wp-content\/uploads\/sites\/2\/2014\/12\/logo_edittec1.png\" alt=\"logo_edittec\" width=\"225\" height=\"225\" \/><\/a><\/p>\n<p style=\"text-align: justify;\">Quer\u00edamos aprovechar para dar las gracias a <a href=\"https:\/\/www.edittec.com\/\"><strong>Edittec<\/strong><\/a> por su constante apoyo a nuestra labor. GRACIAS CON CORAZ\u00d3N !!!<\/p>\n","protected":false},"excerpt":{"rendered":"<p>Edittec, la empresa de dise\u00f1o, creatividad y tecnolog\u00eda web, lleva a\u00f1os colaborando con C\u00e1ritas. Este a\u00f1o, con la maquetaci\u00f3n del 21 Informativo de Entidades con Coraz\u00f3n. Adem\u00e1s, este a\u00f1o ha impulsado generosamente la reforma de esta p\u00e1gina web de Entidades con Coraz\u00f3n, haci\u00e9ndola mucho m\u00e1s visual y facilitando la navegaci\u00f3n.<\/p>\n","protected":false},"author":4,"featured_media":0,"comment_status":"closed","ping_status":"closed","sticky":false,"template":"","format":"standard","meta":{"footnotes":""},"categories":[22],"tags":[1091,1224,2111,815,1092],"autor":[36],"class_list":["post-4393","post","type-post","status-publish","format-standard","hentry","category-entidades-con-corazon","tag-blog","tag-caritas-es","tag-edittec-es","tag-entidades-con-corazon","tag-informativo","autor-caritas-diocesana-de-barcelona-es"],"aioseo_notices":[],"_links":{"self":[{"href":"https:\/\/blog.caritas.barcelona\/es\/wp-json\/wp\/v2\/posts\/4393","targetHints":{"allow":["GET"]}}],"collection":[{"href":"https:\/\/blog.caritas.barcelona\/es\/wp-json\/wp\/v2\/posts"}],"about":[{"href":"https:\/\/blog.caritas.barcelona\/es\/wp-json\/wp\/v2\/types\/post"}],"author":[{"embeddable":true,"href":"https:\/\/blog.caritas.barcelona\/es\/wp-json\/wp\/v2\/users\/4"}],"replies":[{"embeddable":true,"href":"https:\/\/blog.caritas.barcelona\/es\/wp-json\/wp\/v2\/comments?post=4393"}],"version-history":[{"count":1,"href":"https:\/\/blog.caritas.barcelona\/es\/wp-json\/wp\/v2\/posts\/4393\/revisions"}],"predecessor-version":[{"id":13053,"href":"https:\/\/blog.caritas.barcelona\/es\/wp-json\/wp\/v2\/posts\/4393\/revisions\/13053"}],"wp:attachment":[{"href":"https:\/\/blog.caritas.barcelona\/es\/wp-json\/wp\/v2\/media?parent=4393"}],"wp:term":[{"taxonomy":"category","embeddable":true,"href":"https:\/\/blog.caritas.barcelona\/es\/wp-json\/wp\/v2\/categories?post=4393"},{"taxonomy":"post_tag","embeddable":true,"href":"https:\/\/blog.caritas.barcelona\/es\/wp-json\/wp\/v2\/tags?post=4393"},{"taxonomy":"autor","embeddable":true,"href":"https:\/\/blog.caritas.barcelona\/es\/wp-json\/wp\/v2\/autor?post=4393"}],"curies":[{"name":"wp","href":"https:\/\/api.w.org\/{rel}","templated":true}]}}