{"id":4392,"date":"2016-09-15T00:00:00","date_gmt":"2016-09-14T22:00:00","guid":{"rendered":"https:\/\/blog.caritas.barcelona\/acogida-y-acompanamiento\/caritas-y-lunet-presentes-en-un-encuentro-sobre-responsabilidad-social\/"},"modified":"2023-10-09T10:25:35","modified_gmt":"2023-10-09T08:25:35","slug":"caritas-y-lunet-presentes-en-un-encuentro-sobre-responsabilidad-social","status":"publish","type":"post","link":"https:\/\/blog.caritas.barcelona\/es\/entidades-con-corazon\/caritas-y-lunet-presentes-en-un-encuentro-sobre-responsabilidad-social\/","title":{"rendered":"C\u00e1ritas y Lunet, presentes en un encuentro sobre responsabilidad social"},"content":{"rendered":"<p style=\"text-align: justify;\">El pasado\u00a013 de septiembre tuvo lugar una c\u00e1psula de conocimiento\u00a0sobre el <a href=\"http:\/\/www.respon.cat\/les-empreses-com-a-agent-clau-per-frenar-lempobriment-creixent-de-la-societat\/\"><strong>Foco de la RSE \u201cCohesi\u00f3n social\u201d<\/strong><\/a>, organizada por Respon.cat en el\u00a0Palau Macaya de la Obra Social la Caixa.\u00a0Durante esta jornada se habl\u00f3 del <strong>empobrecimiento creciente de la sociedad<\/strong> y otras situaciones adversas que conducen a la exclusi\u00f3n social y laboral, y tambi\u00e9n de c\u00f3mo las empresas pueden situar este foco dentro de su responsabilidad social.<br \/>\n<!--more--><\/p>\n<p style=\"text-align: justify;\">Entre los ponentes estuvo <strong>Conxita Ribas<\/strong>, coordinadora de Entidades con Coraz\u00f3n de C\u00e1ritas Diocesana de Barcelona, quien destac\u00f3 la relevancia de la implicaci\u00f3n empresarial, afirmando que &#8220;<strong>se han conseguido 2.000 puestos de trabajo durante dos a\u00f1os<\/strong> para personas en riesgo de exclusi\u00f3n, y tenemos que dar las gracias a la valent\u00eda de muchas empresas que conf\u00edan y han arriesgado &#8220;.<\/p>\n<p style=\"text-align: justify;\">Su ponencia fue acompa\u00f1ada del testimonio de <strong>Raimon Miserachs<\/strong>, en representaci\u00f3n de <strong>Lunet<\/strong>, empresa de servicios de mantenimiento y limpieza que forma parte activa del programa Entidades con Coraz\u00f3n, quien expuso que este tipo de programas ayudan a la empresa a plasmar sus compromisos, con un <strong>apoyo continuado durante el proceso de inserci\u00f3n<\/strong>, y con una recompensa indiscutible en cuanto a <strong>clima laboral y mejora de las capacidades del equipo de trabajo<\/strong>.<\/p>\n<p style=\"text-align: justify;\">Desde C\u00e1ritas queremos dar las gracias\u00a0a <a href=\"http:\/\/www.respon.cat\/\"><strong>Respon.cat<\/strong><\/a> por haber contado con nosotros para esta jornada, y a <a href=\"http:\/\/www.lunet.es\/\"><strong>Lunet<\/strong><\/a> por habernos acompa\u00f1ado! GRACIAS CON CORAZ\u00d3N!!<\/p>\n<p style=\"text-align: justify;\"><img loading=\"lazy\" decoding=\"async\" class=\"aligncenter wp-image-9261 size-medium\" src=\"https:\/\/blog.caritas.barcelona\/wp-content\/uploads\/sites\/2\/2020\/02\/Sin-t\u00edtulo-1-300x188.jpg\" alt=\"\" width=\"300\" height=\"188\" srcset=\"https:\/\/blog.caritas.barcelona\/wp-content\/uploads\/sites\/2\/2020\/02\/Sin-t\u00edtulo-1-300x188.jpg 300w, https:\/\/blog.caritas.barcelona\/wp-content\/uploads\/sites\/2\/2020\/02\/Sin-t\u00edtulo-1-1024x640.jpg 1024w, https:\/\/blog.caritas.barcelona\/wp-content\/uploads\/sites\/2\/2020\/02\/Sin-t\u00edtulo-1-768x480.jpg 768w, https:\/\/blog.caritas.barcelona\/wp-content\/uploads\/sites\/2\/2020\/02\/Sin-t\u00edtulo-1-600x375.jpg 600w, https:\/\/blog.caritas.barcelona\/wp-content\/uploads\/sites\/2\/2020\/02\/Sin-t\u00edtulo-1-1536x960.jpg 1536w, https:\/\/blog.caritas.barcelona\/wp-content\/uploads\/sites\/2\/2020\/02\/Sin-t\u00edtulo-1.jpg 1680w\" sizes=\"auto, (max-width: 300px) 100vw, 300px\" \/><\/p>\n","protected":false},"excerpt":{"rendered":"<p>El pasado\u00a013 de septiembre tuvo lugar una c\u00e1psula de conocimiento\u00a0sobre el Foco de la RSE \u201cCohesi\u00f3n social\u201d, organizada por Respon.cat en el\u00a0Palau Macaya de la Obra Social la Caixa.\u00a0Durante esta jornada se habl\u00f3 del empobrecimiento creciente de la sociedad y otras situaciones adversas que conducen a la exclusi\u00f3n social y laboral, y tambi\u00e9n de c\u00f3mo [&hellip;]<\/p>\n","protected":false},"author":4,"featured_media":0,"comment_status":"closed","ping_status":"closed","sticky":false,"template":"","format":"standard","meta":{"footnotes":""},"categories":[22],"tags":[1903,1224,2116,815,2117,2101,2118,2119,2120,2121],"autor":[36],"class_list":["post-4392","post","type-post","status-publish","format-standard","hentry","category-entidades-con-corazon","tag-barcelona-es","tag-caritas-es","tag-conxita-ribas-es","tag-entidades-con-corazon","tag-la-caixa-es","tag-lunet-es","tag-palau-macaya-es","tag-raimon-miserachs-es","tag-respon-es","tag-respon-cat-es","autor-caritas-diocesana-de-barcelona-es"],"aioseo_notices":[],"_links":{"self":[{"href":"https:\/\/blog.caritas.barcelona\/es\/wp-json\/wp\/v2\/posts\/4392","targetHints":{"allow":["GET"]}}],"collection":[{"href":"https:\/\/blog.caritas.barcelona\/es\/wp-json\/wp\/v2\/posts"}],"about":[{"href":"https:\/\/blog.caritas.barcelona\/es\/wp-json\/wp\/v2\/types\/post"}],"author":[{"embeddable":true,"href":"https:\/\/blog.caritas.barcelona\/es\/wp-json\/wp\/v2\/users\/4"}],"replies":[{"embeddable":true,"href":"https:\/\/blog.caritas.barcelona\/es\/wp-json\/wp\/v2\/comments?post=4392"}],"version-history":[{"count":3,"href":"https:\/\/blog.caritas.barcelona\/es\/wp-json\/wp\/v2\/posts\/4392\/revisions"}],"predecessor-version":[{"id":13305,"href":"https:\/\/blog.caritas.barcelona\/es\/wp-json\/wp\/v2\/posts\/4392\/revisions\/13305"}],"wp:attachment":[{"href":"https:\/\/blog.caritas.barcelona\/es\/wp-json\/wp\/v2\/media?parent=4392"}],"wp:term":[{"taxonomy":"category","embeddable":true,"href":"https:\/\/blog.caritas.barcelona\/es\/wp-json\/wp\/v2\/categories?post=4392"},{"taxonomy":"post_tag","embeddable":true,"href":"https:\/\/blog.caritas.barcelona\/es\/wp-json\/wp\/v2\/tags?post=4392"},{"taxonomy":"autor","embeddable":true,"href":"https:\/\/blog.caritas.barcelona\/es\/wp-json\/wp\/v2\/autor?post=4392"}],"curies":[{"name":"wp","href":"https:\/\/api.w.org\/{rel}","templated":true}]}}