{"id":4391,"date":"2016-06-12T00:00:00","date_gmt":"2016-06-11T22:00:00","guid":{"rendered":"https:\/\/blog.caritas.barcelona\/acogida-y-acompanamiento\/la-fundacio-albert-compromiso-con-caritas\/"},"modified":"2016-06-12T00:00:00","modified_gmt":"2016-06-11T22:00:00","slug":"la-fundacio-albert-compromiso-con-caritas","status":"publish","type":"post","link":"https:\/\/blog.caritas.barcelona\/es\/entidades-con-corazon\/la-fundacio-albert-compromiso-con-caritas\/","title":{"rendered":"La Fundaci\u00f3 Albert, compromiso con C\u00e1ritas"},"content":{"rendered":"<p style=\"text-align: justify;\">El pasado\u00a0mes de mayo, la Fundaci\u00f3 Albert, establecida\u00a0en la calle Consulado de Mar 45 de Barcelona y\u00a0centrada en la protecci\u00f3n de personas en situaci\u00f3n de pobreza o riesgo\u00a0de exclusi\u00f3n social, firm\u00f3\u00a0un <strong>convenio de colaboraci\u00f3n con\u00a0C\u00e1ritas Diocesana de Barcelona<\/strong>. <!--more--><\/p>\n<p style=\"text-align: justify;\"><a href=\"https:\/\/blog.caritas.barcelona\/wp-content\/uploads\/sites\/2\/2016\/09\/fundacio-albert.jpg\"><img loading=\"lazy\" decoding=\"async\" class=\"aligncenter  wp-image-11985\" src=\"https:\/\/blog.caritas.barcelona\/wp-content\/uploads\/sites\/2\/2016\/09\/fundacio-albert-420x560.jpg\" alt=\"fundacio-albert\" width=\"302\" height=\"403\" \/><\/a><\/p>\n<p style=\"text-align: justify;\">Seg\u00fan este convenio, la Fundaci\u00f3 Albert se compromete a colaborar de forma directa con el <strong>programa Paid\u00f3s, de prevenci\u00f3n de la pobreza infantil<\/strong>. Con este objetivo, la Fundaci\u00f3n cede a C\u00e1ritas <strong>dos pisos<\/strong> del inmueble de la Fundaci\u00f3 Albert, para poder desarrollar y hacer crecer el programa Paid\u00f3s, as\u00ed como parte de su mantenimiento.<\/p>\n<p style=\"text-align: justify;\">Desde C\u00e1ritas\u00a0queremos dar las\u00a0gracias a la <strong>Fundaci\u00f3 Albert<\/strong>\u00a0por su\u00a0sensibilidad con los ni\u00f1os\u00a0y su generosidad\u00a0con\u00a0nuestra entidad. GRACIAS CON CORAZ\u00d3N!!!<a href=\"https:\/\/blog.caritas.barcelona\/wp-content\/uploads\/sites\/2\/2016\/09\/LOGO-ALBERT-ESTE.jpg\"><img loading=\"lazy\" decoding=\"async\" class=\"aligncenter size-medium wp-image-11987\" src=\"https:\/\/blog.caritas.barcelona\/wp-content\/uploads\/sites\/2\/2016\/09\/LOGO-ALBERT-ESTE-560x275.jpg\" alt=\"Imprimir\" width=\"560\" height=\"275\" \/><\/a><\/p>\n","protected":false},"excerpt":{"rendered":"<p>El pasado\u00a0mes de mayo, la Fundaci\u00f3 Albert, establecida\u00a0en la calle Consulado de Mar 45 de Barcelona y\u00a0centrada en la protecci\u00f3n de personas en situaci\u00f3n de pobreza o riesgo\u00a0de exclusi\u00f3n social, firm\u00f3\u00a0un convenio de colaboraci\u00f3n con\u00a0C\u00e1ritas Diocesana de Barcelona.<\/p>\n","protected":false},"author":4,"featured_media":0,"comment_status":"open","ping_status":"open","sticky":false,"template":"","format":"standard","meta":{"footnotes":""},"categories":[22],"tags":[62,49,592,1089,90,1033,1090],"autor":[36],"class_list":["post-4391","post","type-post","status-publish","format-standard","hentry","category-entidades-con-corazon","tag-barcelona","tag-caritas","tag-fundacio-albert","tag-fundacion-albert","tag-paidos","tag-pobreza-infantil","tag-programa-paidos","autor-caritas-diocesana-de-barcelona-es"],"aioseo_notices":[],"_links":{"self":[{"href":"https:\/\/blog.caritas.barcelona\/es\/wp-json\/wp\/v2\/posts\/4391","targetHints":{"allow":["GET"]}}],"collection":[{"href":"https:\/\/blog.caritas.barcelona\/es\/wp-json\/wp\/v2\/posts"}],"about":[{"href":"https:\/\/blog.caritas.barcelona\/es\/wp-json\/wp\/v2\/types\/post"}],"author":[{"embeddable":true,"href":"https:\/\/blog.caritas.barcelona\/es\/wp-json\/wp\/v2\/users\/4"}],"replies":[{"embeddable":true,"href":"https:\/\/blog.caritas.barcelona\/es\/wp-json\/wp\/v2\/comments?post=4391"}],"version-history":[{"count":0,"href":"https:\/\/blog.caritas.barcelona\/es\/wp-json\/wp\/v2\/posts\/4391\/revisions"}],"wp:attachment":[{"href":"https:\/\/blog.caritas.barcelona\/es\/wp-json\/wp\/v2\/media?parent=4391"}],"wp:term":[{"taxonomy":"category","embeddable":true,"href":"https:\/\/blog.caritas.barcelona\/es\/wp-json\/wp\/v2\/categories?post=4391"},{"taxonomy":"post_tag","embeddable":true,"href":"https:\/\/blog.caritas.barcelona\/es\/wp-json\/wp\/v2\/tags?post=4391"},{"taxonomy":"autor","embeddable":true,"href":"https:\/\/blog.caritas.barcelona\/es\/wp-json\/wp\/v2\/autor?post=4391"}],"curies":[{"name":"wp","href":"https:\/\/api.w.org\/{rel}","templated":true}]}}