{"id":4389,"date":"2016-07-09T00:00:00","date_gmt":"2016-07-08T22:00:00","guid":{"rendered":"https:\/\/blog.caritas.barcelona\/acogida-y-acompanamiento\/concierto-solidari-en-el-rctb-1899-a-favor-de-caritas\/"},"modified":"2016-07-09T00:00:00","modified_gmt":"2016-07-08T22:00:00","slug":"concierto-solidari-en-el-rctb-1899-a-favor-de-caritas","status":"publish","type":"post","link":"https:\/\/blog.caritas.barcelona\/es\/entidades-con-corazon\/concierto-solidari-en-el-rctb-1899-a-favor-de-caritas\/","title":{"rendered":"Concierto solidari en el RCTB-1899, a favor de C\u00e1ritas"},"content":{"rendered":"<p style=\"text-align: justify;\">El pasado\u00a07 de julio, el <strong>Real Club de Tenis Barcelona 1899\u00a0<\/strong>organiz\u00f3\u00a0el tradicional <strong>concierto solidario a favor de C\u00e1ritas<\/strong>\u00a0y otras entidades.<!--more--><\/p>\n<p style=\"text-align: justify;\">El concierto fue\u00a0a cargo, como cada a\u00f1o, del grupo <strong>Por Fin Viernes<\/strong>, y asistieron unas<strong> 800 personas<\/strong> que pudieron disfrutar de la cena y del espect\u00e1culo.<\/p>\n<p style=\"text-align: justify;\"><a href=\"https:\/\/blog.caritas.barcelona\/wp-content\/uploads\/sites\/2\/2016\/09\/IMG_5627.jpg\"><img loading=\"lazy\" decoding=\"async\" class=\"aligncenter size-medium wp-image-11970\" src=\"https:\/\/blog.caritas.barcelona\/wp-content\/uploads\/sites\/2\/2016\/09\/IMG_5627-560x420.jpg\" alt=\"IMG_5627\" width=\"560\" height=\"420\" \/><\/a><\/p>\n<p style=\"text-align: justify;\">Queremos agradecer\u00a0al <a href=\"http:\/\/www.rctb1899.es\/\"><strong>Real Club de Tenis Barcelona 1899<\/strong><\/a>\u00a0su\u00a0colaboraci\u00f3n incondicional con\u00a0C\u00e1ritas a\u00f1o tras a\u00f1o.\u00a0GRACIAS CON CORAZ\u00d3N!!!!<\/p>\n<p style=\"text-align: justify;\"><a href=\"https:\/\/blog.caritas.barcelona\/wp-content\/uploads\/sites\/2\/2016\/09\/concert-rctb-cartell.jpg\"><img loading=\"lazy\" decoding=\"async\" class=\"aligncenter size-medium wp-image-11968\" src=\"https:\/\/blog.caritas.barcelona\/wp-content\/uploads\/sites\/2\/2016\/09\/concert-rctb-cartell-396x560.jpg\" alt=\"concert rctb cartell\" width=\"396\" height=\"560\" \/><\/a><\/p>\n","protected":false},"excerpt":{"rendered":"<p>El pasado\u00a07 de julio, el Real Club de Tenis Barcelona 1899\u00a0organiz\u00f3\u00a0el tradicional concierto solidario a favor de C\u00e1ritas\u00a0y otras entidades.<\/p>\n","protected":false},"author":4,"featured_media":0,"comment_status":"open","ping_status":"open","sticky":false,"template":"","format":"standard","meta":{"footnotes":""},"categories":[22],"tags":[62,49,880,589,590,1085,846,803],"autor":[36],"class_list":["post-4389","post","type-post","status-publish","format-standard","hentry","category-entidades-con-corazon","tag-barcelona","tag-caritas","tag-concierto","tag-por-fin-viernes","tag-porfinviernes","tag-rctb","tag-solidario","tag-tenis","autor-caritas-diocesana-de-barcelona-es"],"aioseo_notices":[],"_links":{"self":[{"href":"https:\/\/blog.caritas.barcelona\/es\/wp-json\/wp\/v2\/posts\/4389","targetHints":{"allow":["GET"]}}],"collection":[{"href":"https:\/\/blog.caritas.barcelona\/es\/wp-json\/wp\/v2\/posts"}],"about":[{"href":"https:\/\/blog.caritas.barcelona\/es\/wp-json\/wp\/v2\/types\/post"}],"author":[{"embeddable":true,"href":"https:\/\/blog.caritas.barcelona\/es\/wp-json\/wp\/v2\/users\/4"}],"replies":[{"embeddable":true,"href":"https:\/\/blog.caritas.barcelona\/es\/wp-json\/wp\/v2\/comments?post=4389"}],"version-history":[{"count":0,"href":"https:\/\/blog.caritas.barcelona\/es\/wp-json\/wp\/v2\/posts\/4389\/revisions"}],"wp:attachment":[{"href":"https:\/\/blog.caritas.barcelona\/es\/wp-json\/wp\/v2\/media?parent=4389"}],"wp:term":[{"taxonomy":"category","embeddable":true,"href":"https:\/\/blog.caritas.barcelona\/es\/wp-json\/wp\/v2\/categories?post=4389"},{"taxonomy":"post_tag","embeddable":true,"href":"https:\/\/blog.caritas.barcelona\/es\/wp-json\/wp\/v2\/tags?post=4389"},{"taxonomy":"autor","embeddable":true,"href":"https:\/\/blog.caritas.barcelona\/es\/wp-json\/wp\/v2\/autor?post=4389"}],"curies":[{"name":"wp","href":"https:\/\/api.w.org\/{rel}","templated":true}]}}