{"id":4388,"date":"2016-08-06T00:00:00","date_gmt":"2016-08-05T22:00:00","guid":{"rendered":"https:\/\/blog.caritas.barcelona\/acogida-y-acompanamiento\/excursion-al-sendero-de-los-sentidos-gracias-a-autocars-font\/"},"modified":"2023-10-09T10:10:51","modified_gmt":"2023-10-09T08:10:51","slug":"excursion-al-sendero-de-los-sentidos-gracias-a-autocars-font","status":"publish","type":"post","link":"https:\/\/blog.caritas.barcelona\/es\/entidades-con-corazon\/excursion-al-sendero-de-los-sentidos-gracias-a-autocars-font\/","title":{"rendered":"Excursi\u00f3n al Sendero de los Sentidos gracias a Autocars Font"},"content":{"rendered":"<p style=\"text-align: justify;\">El pasado mi\u00e9rcoles 27 de julio, las familias del <strong>Paid\u00f3s Ciutat Vella<\/strong>\u00a0y el <strong>Paid\u00f3s Porta<\/strong>\u00a0pudieron disfrutar de un d\u00eda en la naturaleza gracias a <strong>Autocars Font<\/strong>.<br \/>\n<!--more--><\/p>\n<p style=\"text-align: justify;\"><img loading=\"lazy\" decoding=\"async\" class=\"aligncenter wp-image-11959\" src=\"https:\/\/blog.caritas.barcelona\/wp-content\/uploads\/sites\/2\/2016\/09\/font1-560x419.png\" alt=\"font1\" width=\"474\" height=\"355\" \/><\/p>\n<p style=\"text-align: justify;\">Fueron\u00a0al <strong>Sendero de los Sentidos<\/strong>, un espacio donde experimentar y vivir\u00a0los sentidos a trav\u00e9s de un paseo por el bosque yendo descalzos; olores de bosque, tacto de las hojas, el verde de los \u00e1rboles, el sabor de los frutos, el sonido de los p\u00e1jaros. Una experiencia de contacto con la naturaleza y con ellos mismos; de salir de la gran ciudad y conocer mejor lo que nos rodea.<\/p>\n<p style=\"text-align: justify;\"><img loading=\"lazy\" decoding=\"async\" class=\"aligncenter wp-image-11961 size-medium\" src=\"https:\/\/blog.caritas.barcelona\/wp-content\/uploads\/sites\/2\/2016\/09\/font2-420x560.png\" alt=\"font2\" width=\"420\" height=\"560\" \/><\/p>\n<p style=\"text-align: justify;\">Queremos dar las gracias\u00a0a <a href=\"http:\/\/www.autocaresfont.es\/\"><strong>Autocars Font<\/strong><\/a>\u00a0por haber contribuido a que todo esto fuera posible. Muchas gracias!!!!<\/p>\n","protected":false},"excerpt":{"rendered":"<p>El pasado mi\u00e9rcoles 27 de julio, las familias del Paid\u00f3s Ciutat Vella\u00a0y el Paid\u00f3s Porta\u00a0pudieron disfrutar de un d\u00eda en la naturaleza gracias a Autocars Font.<\/p>\n","protected":false},"author":4,"featured_media":0,"comment_status":"closed","ping_status":"closed","sticky":false,"template":"","format":"standard","meta":{"footnotes":""},"categories":[22],"tags":[181,62,49,2113,90,184,1084],"autor":[36],"class_list":["post-4388","post","type-post","status-publish","format-standard","hentry","category-entidades-con-corazon","tag-autocars-font","tag-barcelona","tag-caritas","tag-paidos-es","tag-paidos","tag-sender-dels-sentits","tag-sendero-de-los-sentidos","autor-caritas-diocesana-de-barcelona-es"],"aioseo_notices":[],"_links":{"self":[{"href":"https:\/\/blog.caritas.barcelona\/es\/wp-json\/wp\/v2\/posts\/4388","targetHints":{"allow":["GET"]}}],"collection":[{"href":"https:\/\/blog.caritas.barcelona\/es\/wp-json\/wp\/v2\/posts"}],"about":[{"href":"https:\/\/blog.caritas.barcelona\/es\/wp-json\/wp\/v2\/types\/post"}],"author":[{"embeddable":true,"href":"https:\/\/blog.caritas.barcelona\/es\/wp-json\/wp\/v2\/users\/4"}],"replies":[{"embeddable":true,"href":"https:\/\/blog.caritas.barcelona\/es\/wp-json\/wp\/v2\/comments?post=4388"}],"version-history":[{"count":2,"href":"https:\/\/blog.caritas.barcelona\/es\/wp-json\/wp\/v2\/posts\/4388\/revisions"}],"predecessor-version":[{"id":13279,"href":"https:\/\/blog.caritas.barcelona\/es\/wp-json\/wp\/v2\/posts\/4388\/revisions\/13279"}],"wp:attachment":[{"href":"https:\/\/blog.caritas.barcelona\/es\/wp-json\/wp\/v2\/media?parent=4388"}],"wp:term":[{"taxonomy":"category","embeddable":true,"href":"https:\/\/blog.caritas.barcelona\/es\/wp-json\/wp\/v2\/categories?post=4388"},{"taxonomy":"post_tag","embeddable":true,"href":"https:\/\/blog.caritas.barcelona\/es\/wp-json\/wp\/v2\/tags?post=4388"},{"taxonomy":"autor","embeddable":true,"href":"https:\/\/blog.caritas.barcelona\/es\/wp-json\/wp\/v2\/autor?post=4388"}],"curies":[{"name":"wp","href":"https:\/\/api.w.org\/{rel}","templated":true}]}}