{"id":4383,"date":"2016-07-26T00:00:00","date_gmt":"2016-07-25T22:00:00","guid":{"rendered":"https:\/\/blog.caritas.barcelona\/acogida-y-acompanamiento\/avant-grup-al-lado-de-los-ninos-y-ninas-de-caritas\/"},"modified":"2023-10-09T10:23:31","modified_gmt":"2023-10-09T08:23:31","slug":"avant-grup-al-lado-de-los-ninos-y-ninas-de-caritas","status":"publish","type":"post","link":"https:\/\/blog.caritas.barcelona\/es\/entidades-con-corazon\/avant-grup-al-lado-de-los-ninos-y-ninas-de-caritas\/","title":{"rendered":"Avant Grup, al lado de los ni\u00f1os y ni\u00f1as de C\u00e1ritas"},"content":{"rendered":"<p style=\"text-align: justify;\">Del 18 al 20 de julio un grupo de <strong>32 ni\u00f1os y ni\u00f1as y 9 educadores<\/strong>\u00a0fueron de colonias al pueblo de <strong>Planoles<\/strong>, un lugar lleno de bosques y monta\u00f1as que sirvi\u00f3 para cerrar un curso intenso y muy provechoso.<br \/>\n<!--more--><\/p>\n<p style=\"text-align: justify;\">Fueron\u00a03 d\u00edas lleno de vivencias grupales donde el eje era el <strong>cuidado del medio ambiente<\/strong>. Tuvieron que colaborar, a trav\u00e9s de pistas y juegos, a cuidar el bosque que un &#8220;se\u00f1or&#8221; quer\u00eda destruir para hacer una f\u00e1brica de papel.<\/p>\n<p style=\"text-align: justify;\"><img loading=\"lazy\" decoding=\"async\" class=\"aligncenter wp-image-11878 size-medium\" src=\"https:\/\/blog.caritas.barcelona\/wp-content\/uploads\/sites\/2\/2016\/07\/toorebaro1-560x421.png\" alt=\"toorebaro1\" width=\"560\" height=\"421\" \/><\/p>\n<p style=\"text-align: justify;\"><img loading=\"lazy\" decoding=\"async\" class=\"aligncenter wp-image-11880 size-medium\" src=\"https:\/\/blog.caritas.barcelona\/wp-content\/uploads\/sites\/2\/2016\/07\/torrebaro2-560x421.png\" alt=\"torrebaro2\" width=\"560\" height=\"421\" \/><\/p>\n<p style=\"text-align: justify;\">Queremos agradecer a <a href=\"http:\/\/www.avantgrup.com\/\"><strong>Avant Grup<\/strong><\/a> que colabor\u00f3 para que pudieran llegar a la casa de colonias y que los devolvi\u00f3 a Barcelona, siempre con una muy buena atenci\u00f3n. Muchas gracias a los que hacen\u00a0posible que algunos ni\u00f1os y ni\u00f1as de <strong>Torre Bar\u00f3<\/strong>, <strong>Ciutat Meridiana<\/strong> y <strong>Vallbona<\/strong> puedan desarrollar estas actividades. GRACIAS CON CORAZ\u00d3N!!<\/p>\n","protected":false},"excerpt":{"rendered":"<p>Del 18 al 20 de julio un grupo de 32 ni\u00f1os y ni\u00f1as y 9 educadores\u00a0fueron de colonias al pueblo de Planoles, un lugar lleno de bosques y monta\u00f1as que sirvi\u00f3 para cerrar un curso intenso y muy provechoso.<\/p>\n","protected":false},"author":4,"featured_media":0,"comment_status":"closed","ping_status":"closed","sticky":false,"template":"","format":"standard","meta":{"footnotes":""},"categories":[22],"tags":[154,49,1076,861,1077,823,142,1078],"autor":[36],"class_list":["post-4383","post","type-post","status-publish","format-standard","hentry","category-entidades-con-corazon","tag-avant-grup","tag-caritas","tag-ciutat-meridiana","tag-colonias","tag-ninas","tag-ninos","tag-torre-baro","tag-vallbona","autor-caritas-diocesana-de-barcelona-es"],"aioseo_notices":[],"_links":{"self":[{"href":"https:\/\/blog.caritas.barcelona\/es\/wp-json\/wp\/v2\/posts\/4383","targetHints":{"allow":["GET"]}}],"collection":[{"href":"https:\/\/blog.caritas.barcelona\/es\/wp-json\/wp\/v2\/posts"}],"about":[{"href":"https:\/\/blog.caritas.barcelona\/es\/wp-json\/wp\/v2\/types\/post"}],"author":[{"embeddable":true,"href":"https:\/\/blog.caritas.barcelona\/es\/wp-json\/wp\/v2\/users\/4"}],"replies":[{"embeddable":true,"href":"https:\/\/blog.caritas.barcelona\/es\/wp-json\/wp\/v2\/comments?post=4383"}],"version-history":[{"count":1,"href":"https:\/\/blog.caritas.barcelona\/es\/wp-json\/wp\/v2\/posts\/4383\/revisions"}],"predecessor-version":[{"id":13300,"href":"https:\/\/blog.caritas.barcelona\/es\/wp-json\/wp\/v2\/posts\/4383\/revisions\/13300"}],"wp:attachment":[{"href":"https:\/\/blog.caritas.barcelona\/es\/wp-json\/wp\/v2\/media?parent=4383"}],"wp:term":[{"taxonomy":"category","embeddable":true,"href":"https:\/\/blog.caritas.barcelona\/es\/wp-json\/wp\/v2\/categories?post=4383"},{"taxonomy":"post_tag","embeddable":true,"href":"https:\/\/blog.caritas.barcelona\/es\/wp-json\/wp\/v2\/tags?post=4383"},{"taxonomy":"autor","embeddable":true,"href":"https:\/\/blog.caritas.barcelona\/es\/wp-json\/wp\/v2\/autor?post=4383"}],"curies":[{"name":"wp","href":"https:\/\/api.w.org\/{rel}","templated":true}]}}