{"id":4375,"date":"2016-06-16T00:00:00","date_gmt":"2016-06-15T22:00:00","guid":{"rendered":"https:\/\/blog.caritas.barcelona\/acogida-y-acompanamiento\/torneo-de-futbol-del-casal-dadolescents-i-joves-llops-del-taga\/"},"modified":"2016-06-16T00:00:00","modified_gmt":"2016-06-15T22:00:00","slug":"torneo-de-futbol-del-casal-dadolescents-i-joves-llops-del-taga","status":"publish","type":"post","link":"https:\/\/blog.caritas.barcelona\/es\/entidades-con-corazon\/torneo-de-futbol-del-casal-dadolescents-i-joves-llops-del-taga\/","title":{"rendered":"Torneo de f\u00fatbol del Casal d\u2019Adolescents i Joves Llops del Taga"},"content":{"rendered":"<p style=\"text-align: justify;\">El pasado viernes\u00a010 de junio\u00a0se celebr\u00f3 un torneo de f\u00fatbol sala organizado por el propio equipo de f\u00fatbol del\u00a0<strong>Casal d\u2019Adolescents i Joves Llops del Taga<\/strong>, proyecto deportivo enmarcado en el programa educativo del casal: <strong>deportes y h\u00e1bitos saludables<\/strong>. Con este torneo se cerraba el curso 2015-16.<!--more--><\/p>\n<p style=\"text-align: justify;\">El torneo se llev\u00f3 a cabo en las pistas deportivas del\u00a0<strong>Instituto Pablo Ruiz Picasso<\/strong>, espacio donde durante el a\u00f1o los j\u00f3venes han entrenado y tambi\u00e9n han disputado los partidos locales de la liga del CEEB en la que han participado.<\/p>\n<p style=\"text-align: justify;\"><a href=\"https:\/\/blog.caritas.barcelona\/wp-content\/uploads\/sites\/2\/2016\/07\/Foto-noticia-3.jpg\"><img loading=\"lazy\" decoding=\"async\" class=\"aligncenter size-medium wp-image-11805\" src=\"https:\/\/blog.caritas.barcelona\/wp-content\/uploads\/sites\/2\/2016\/07\/Foto-noticia-3-560x420.jpg\" alt=\"Foto noticia 3\" width=\"560\" height=\"420\" \/><\/a><\/p>\n<p style=\"text-align: justify;\"><a href=\"https:\/\/blog.caritas.barcelona\/wp-content\/uploads\/sites\/2\/2016\/07\/Foto-noticia-4.jpg\"><img loading=\"lazy\" decoding=\"async\" class=\"aligncenter size-medium wp-image-11807\" src=\"https:\/\/blog.caritas.barcelona\/wp-content\/uploads\/sites\/2\/2016\/07\/Foto-noticia-4-560x420.jpg\" alt=\"Foto noticia 4\" width=\"560\" height=\"420\" \/><\/a><\/p>\n<p style=\"text-align: justify;\"><a href=\"https:\/\/blog.caritas.barcelona\/wp-content\/uploads\/sites\/2\/2016\/07\/Torneig-5.jpg\"><img loading=\"lazy\" decoding=\"async\" class=\"aligncenter size-medium wp-image-11811\" src=\"https:\/\/blog.caritas.barcelona\/wp-content\/uploads\/sites\/2\/2016\/07\/Torneig-5-560x420.jpg\" alt=\"Torneig 5\" width=\"560\" height=\"420\" \/><\/a><\/p>\n<p style=\"text-align: justify;\">Participaron un total de\u00a0<strong>4 equipos de f\u00fatbol<\/strong>, la mayor\u00eda de los barrios\u00a0Ciutat Meridiana, Vallbona y Torre Bar\u00f3.\u00a0Dos de los equipos invitados son j\u00f3venes del barrio que participan en\u00a0un proyecto deportivo para personas con diversidad funcional, con los que durante el a\u00f1o tambi\u00e9n se hab\u00edan hecho amistosos y el v\u00ednculo con ellos se ha valorado de forma positiva. Este tipo de experiencias tambi\u00e9n tienen la intenci\u00f3n\u00a0de trabajar la inclusi\u00f3n y la relaci\u00f3n entre todos los j\u00f3venes del barrio, lo que valoramos muy positivamente desde el equipo educativo del centro.<\/p>\n<p style=\"text-align: justify;\"><a href=\"https:\/\/blog.caritas.barcelona\/wp-content\/uploads\/sites\/2\/2016\/07\/foto-noticia.jpg\"><img loading=\"lazy\" decoding=\"async\" class=\"aligncenter size-medium wp-image-11809\" src=\"https:\/\/blog.caritas.barcelona\/wp-content\/uploads\/sites\/2\/2016\/07\/foto-noticia-560x420.jpg\" alt=\"foto noticia\" width=\"560\" height=\"420\" \/><\/a><\/p>\n<p style=\"text-align: justify;\">Desde C\u00e1ritas y de parte\u00a0del Casal de Joves Llops del Taga, queremos agradecer a\u00a0<strong>Empresas con\u00a0Coraz\u00f3n<\/strong>\u00a0por facilitarnos bebidas para todos los jugadores cedidos por <strong>Coca-Cola<\/strong> y bocadillos cedidos por la empresa <strong>El Fornet<\/strong>. El deporte es una gran herramienta para trabajar con los j\u00f3venes y estas colaboraciones facilitan que este tipo de jornadas deportivas se puedan llevar a cabo. GRACIAS CON CORAZ\u00d3N !!<\/p>\n","protected":false},"excerpt":{"rendered":"<p>El pasado viernes\u00a010 de junio\u00a0se celebr\u00f3 un torneo de f\u00fatbol sala organizado por el propio equipo de f\u00fatbol del\u00a0Casal d\u2019Adolescents i Joves Llops del Taga, proyecto deportivo enmarcado en el programa educativo del casal: deportes y h\u00e1bitos saludables. Con este torneo se cerraba el curso 2015-16.<\/p>\n","protected":false},"author":4,"featured_media":0,"comment_status":"open","ping_status":"open","sticky":false,"template":"","format":"standard","meta":{"footnotes":""},"categories":[22],"tags":[1063,548,386,549,520,835,141,853],"autor":[36],"class_list":["post-4375","post","type-post","status-publish","format-standard","hentry","category-entidades-con-corazon","tag-adolescentes","tag-casal","tag-coca-cola","tag-el-fornet","tag-futbol","tag-jovenes","tag-llops-del-taga","tag-torneo","autor-caritas-diocesana-de-barcelona-es"],"aioseo_notices":[],"_links":{"self":[{"href":"https:\/\/blog.caritas.barcelona\/es\/wp-json\/wp\/v2\/posts\/4375","targetHints":{"allow":["GET"]}}],"collection":[{"href":"https:\/\/blog.caritas.barcelona\/es\/wp-json\/wp\/v2\/posts"}],"about":[{"href":"https:\/\/blog.caritas.barcelona\/es\/wp-json\/wp\/v2\/types\/post"}],"author":[{"embeddable":true,"href":"https:\/\/blog.caritas.barcelona\/es\/wp-json\/wp\/v2\/users\/4"}],"replies":[{"embeddable":true,"href":"https:\/\/blog.caritas.barcelona\/es\/wp-json\/wp\/v2\/comments?post=4375"}],"version-history":[{"count":0,"href":"https:\/\/blog.caritas.barcelona\/es\/wp-json\/wp\/v2\/posts\/4375\/revisions"}],"wp:attachment":[{"href":"https:\/\/blog.caritas.barcelona\/es\/wp-json\/wp\/v2\/media?parent=4375"}],"wp:term":[{"taxonomy":"category","embeddable":true,"href":"https:\/\/blog.caritas.barcelona\/es\/wp-json\/wp\/v2\/categories?post=4375"},{"taxonomy":"post_tag","embeddable":true,"href":"https:\/\/blog.caritas.barcelona\/es\/wp-json\/wp\/v2\/tags?post=4375"},{"taxonomy":"autor","embeddable":true,"href":"https:\/\/blog.caritas.barcelona\/es\/wp-json\/wp\/v2\/autor?post=4375"}],"curies":[{"name":"wp","href":"https:\/\/api.w.org\/{rel}","templated":true}]}}