{"id":4370,"date":"2016-05-28T00:00:00","date_gmt":"2016-05-27T22:00:00","guid":{"rendered":"https:\/\/blog.caritas.barcelona\/acogida-y-acompanamiento\/gran-fiesta-intergeneracional-de-primavera\/"},"modified":"2016-05-28T00:00:00","modified_gmt":"2016-05-27T22:00:00","slug":"gran-fiesta-intergeneracional-de-primavera","status":"publish","type":"post","link":"https:\/\/blog.caritas.barcelona\/es\/entidades-con-corazon\/gran-fiesta-intergeneracional-de-primavera\/","title":{"rendered":"Gran fiesta intergeneracional de primavera"},"content":{"rendered":"<p class=\"p1\" style=\"text-align: justify;\">El pasado 19 de mayo, la parroquia de San Juan Bosco acogi\u00f3 a <strong>m\u00e1s de 200 personas<\/strong> para celebrar la 2\u00aa Fiesta intergeneracional de primavera. Al acto asistieron <strong>100 personas mayores<\/strong> atendidas por C\u00e1ritas, <strong>30 voluntarios<\/strong> que las acompa\u00f1an diariamente y <strong>80 alumnos de primaria<\/strong>, ESO y bachillerato de diferentes Escuelas con Coraz\u00f3n. Todos unidos disfrutaron de una fiesta llena de amor y de alegr\u00eda.<br \/>\n<!--more--><\/p>\n<p class=\"p1\" style=\"text-align: justify;\"><a href=\"https:\/\/blog.caritas.barcelona\/wp-content\/uploads\/sites\/2\/2016\/06\/primavera1.jpg\"><img loading=\"lazy\" decoding=\"async\" class=\"aligncenter size-medium wp-image-11767\" src=\"https:\/\/blog.caritas.barcelona\/wp-content\/uploads\/sites\/2\/2016\/06\/primavera1-560x420.jpg\" alt=\"primavera1\" width=\"560\" height=\"420\" \/><\/a><\/p>\n<p class=\"p1\" style=\"text-align: justify;\"><a href=\"https:\/\/blog.caritas.barcelona\/wp-content\/uploads\/sites\/2\/2016\/06\/primavera2.jpg\"><img loading=\"lazy\" decoding=\"async\" class=\"aligncenter size-medium wp-image-11769\" src=\"https:\/\/blog.caritas.barcelona\/wp-content\/uploads\/sites\/2\/2016\/06\/primavera2-560x420.jpg\" alt=\"primavera2\" width=\"560\" height=\"420\" \/><\/a><br \/>\n<a href=\"https:\/\/blog.caritas.barcelona\/wp-content\/uploads\/sites\/2\/2016\/06\/primavera3.jpg\"><img loading=\"lazy\" decoding=\"async\" class=\"aligncenter size-medium wp-image-11771\" src=\"https:\/\/blog.caritas.barcelona\/wp-content\/uploads\/sites\/2\/2016\/06\/primavera3-560x420.jpg\" alt=\"primavera3\" width=\"560\" height=\"420\" \/><\/a><\/p>\n<p class=\"p1\" style=\"text-align: justify;\">Desde C\u00e1ritas queremos agradecer a todos los que hicieron\u00a0posible la celebraci\u00f3n de esta fiesta. A\u00a0la <strong>Parroquia San Juan Bosco<\/strong> por ofrecernos sus instalaciones, a todas las <strong>Escuelas con Coraz\u00f3n<\/strong> que colaboraron\u00a0aportando su alegr\u00eda a la celebraci\u00f3n y elaborando los diferentes regalos: FEDAC Huerta, Jes\u00fas, Mar\u00eda y Jos\u00e9, Jes\u00fas Mar\u00eda Claudina Th\u00e9venet, San Gabriel y Scala Dei. Tambi\u00e9n a\u00a0<strong>Empresas con Coraz\u00f3n<\/strong> como el <strong>Hotel Arts<\/strong>, que aport\u00f3 la merienda y <strong>Stereorent<\/strong>, que realiz\u00f3 la sonorizaci\u00f3n del evento. Y los voluntarios y profesionales de los proyectos\u00a0\u2018<b>Ve\u00ed m\u2019acompanyes<\/b>\u2019, \u2018<b>Em d\u00f3nes la m\u00e0<\/b>\u2019 y\u00a0\u2018<b>Tramats<\/b>\u2019.<\/p>\n","protected":false},"excerpt":{"rendered":"<p>El pasado 19 de mayo, la parroquia de San Juan Bosco acogi\u00f3 a m\u00e1s de 200 personas para celebrar la 2\u00aa Fiesta intergeneracional de primavera. Al acto asistieron 100 personas mayores atendidas por C\u00e1ritas, 30 voluntarios que las acompa\u00f1an diariamente y 80 alumnos de primaria, ESO y bachillerato de diferentes Escuelas con Coraz\u00f3n. Todos unidos [&hellip;]<\/p>\n","protected":false},"author":4,"featured_media":0,"comment_status":"open","ping_status":"open","sticky":false,"template":"","format":"standard","meta":{"footnotes":""},"categories":[22],"tags":[62,49,1054,975,410,531,532,1055,534],"autor":[36],"class_list":["post-4370","post","type-post","status-publish","format-standard","hentry","category-entidades-con-corazon","tag-barcelona","tag-caritas","tag-escuelas-con-corazon","tag-fiesta","tag-hotel-arts","tag-parroquia","tag-primavera","tag-san-juan-bosco","tag-stereorent","autor-caritas-diocesana-de-barcelona-es"],"aioseo_notices":[],"_links":{"self":[{"href":"https:\/\/blog.caritas.barcelona\/es\/wp-json\/wp\/v2\/posts\/4370","targetHints":{"allow":["GET"]}}],"collection":[{"href":"https:\/\/blog.caritas.barcelona\/es\/wp-json\/wp\/v2\/posts"}],"about":[{"href":"https:\/\/blog.caritas.barcelona\/es\/wp-json\/wp\/v2\/types\/post"}],"author":[{"embeddable":true,"href":"https:\/\/blog.caritas.barcelona\/es\/wp-json\/wp\/v2\/users\/4"}],"replies":[{"embeddable":true,"href":"https:\/\/blog.caritas.barcelona\/es\/wp-json\/wp\/v2\/comments?post=4370"}],"version-history":[{"count":0,"href":"https:\/\/blog.caritas.barcelona\/es\/wp-json\/wp\/v2\/posts\/4370\/revisions"}],"wp:attachment":[{"href":"https:\/\/blog.caritas.barcelona\/es\/wp-json\/wp\/v2\/media?parent=4370"}],"wp:term":[{"taxonomy":"category","embeddable":true,"href":"https:\/\/blog.caritas.barcelona\/es\/wp-json\/wp\/v2\/categories?post=4370"},{"taxonomy":"post_tag","embeddable":true,"href":"https:\/\/blog.caritas.barcelona\/es\/wp-json\/wp\/v2\/tags?post=4370"},{"taxonomy":"autor","embeddable":true,"href":"https:\/\/blog.caritas.barcelona\/es\/wp-json\/wp\/v2\/autor?post=4370"}],"curies":[{"name":"wp","href":"https:\/\/api.w.org\/{rel}","templated":true}]}}