{"id":4366,"date":"2016-05-20T00:00:00","date_gmt":"2016-05-19T22:00:00","guid":{"rendered":"https:\/\/blog.caritas.barcelona\/acogida-y-acompanamiento\/concierto-solidario-en-la-ub-a-favor-de-caritas\/"},"modified":"2016-05-20T00:00:00","modified_gmt":"2016-05-19T22:00:00","slug":"concierto-solidario-en-la-ub-a-favor-de-caritas","status":"publish","type":"post","link":"https:\/\/blog.caritas.barcelona\/es\/entidades-con-corazon\/concierto-solidario-en-la-ub-a-favor-de-caritas\/","title":{"rendered":"Concierto solidario en la UB a favor de C\u00e1ritas"},"content":{"rendered":"<p style=\"text-align: justify;\">El mi\u00e9rcoles 18 de mayo se celebr\u00f3 en la UB un <strong>concierto ben\u00e9fico<\/strong> a favor de C\u00e1ritas Diocesana de Barcelona, organizado por <a href=\"http:\/\/www.ub.edu\/voluntariat\/\"><strong>Voluntariat UB<\/strong><\/a> y con la colaboraci\u00f3n del <strong>Vicerectorat de Relacions Institucionals i Cultura<\/strong>.<br \/>\n<!--more--><\/p>\n<p style=\"text-align: justify;\"><a href=\"https:\/\/blog.caritas.barcelona\/wp-content\/uploads\/sites\/2\/2016\/05\/ub-concert.jpg\"><img loading=\"lazy\" decoding=\"async\" class=\"aligncenter size-medium wp-image-11707\" src=\"https:\/\/blog.caritas.barcelona\/wp-content\/uploads\/sites\/2\/2016\/05\/ub-concert-560x315.jpg\" alt=\"ub concert\" width=\"560\" height=\"315\" \/><\/a><\/p>\n<p style=\"text-align: justify;\">La originalidad de este acto fue que el precio a pagar por la entrada era de <strong>una botella de aceite<\/strong>. Se recogieron <strong>m\u00e1s de<\/strong> <strong>120 botellas<\/strong> de aceite que fueron destinadas para cubrir la necesidades de C\u00e1ritas.<\/p>\n<p style=\"text-align: justify;\">Desde C\u00e1ritas queremos dar las gracias a la <a href=\"http:\/\/www.ub.edu\/voluntariat\/documents\/2015\/CARTELLCONCERT%20SOLIDARI.pdf\"><strong>UB<\/strong><\/a> por esta iniciativa que a\u00fana arte, creatividad y generosidad. GRACIAS CON CORAZ\u00d3N!!<\/p>\n<p style=\"text-align: justify;\"><a href=\"https:\/\/blog.caritas.barcelona\/wp-content\/uploads\/sites\/2\/2016\/05\/concert.jpg\"><img loading=\"lazy\" decoding=\"async\" class=\"aligncenter size-medium wp-image-11705\" src=\"https:\/\/blog.caritas.barcelona\/wp-content\/uploads\/sites\/2\/2016\/05\/concert-314x560.jpg\" alt=\"concert\" width=\"314\" height=\"560\" \/><\/a><\/p>\n","protected":false},"excerpt":{"rendered":"<p>El mi\u00e9rcoles 18 de mayo se celebr\u00f3 en la UB un concierto ben\u00e9fico a favor de C\u00e1ritas Diocesana de Barcelona, organizado por Voluntariat UB y con la colaboraci\u00f3n del Vicerectorat de Relacions Institucionals i Cultura.<\/p>\n","protected":false},"author":4,"featured_media":0,"comment_status":"open","ping_status":"open","sticky":false,"template":"","format":"standard","meta":{"footnotes":""},"categories":[22],"tags":[1047,1048,1049,49,880,846,318],"autor":[36],"class_list":["post-4366","post","type-post","status-publish","format-standard","hentry","category-entidades-con-corazon","tag-aceite","tag-benefico","tag-botellas","tag-caritas","tag-concierto","tag-solidario","tag-ub","autor-caritas-diocesana-de-barcelona-es"],"aioseo_notices":[],"_links":{"self":[{"href":"https:\/\/blog.caritas.barcelona\/es\/wp-json\/wp\/v2\/posts\/4366","targetHints":{"allow":["GET"]}}],"collection":[{"href":"https:\/\/blog.caritas.barcelona\/es\/wp-json\/wp\/v2\/posts"}],"about":[{"href":"https:\/\/blog.caritas.barcelona\/es\/wp-json\/wp\/v2\/types\/post"}],"author":[{"embeddable":true,"href":"https:\/\/blog.caritas.barcelona\/es\/wp-json\/wp\/v2\/users\/4"}],"replies":[{"embeddable":true,"href":"https:\/\/blog.caritas.barcelona\/es\/wp-json\/wp\/v2\/comments?post=4366"}],"version-history":[{"count":0,"href":"https:\/\/blog.caritas.barcelona\/es\/wp-json\/wp\/v2\/posts\/4366\/revisions"}],"wp:attachment":[{"href":"https:\/\/blog.caritas.barcelona\/es\/wp-json\/wp\/v2\/media?parent=4366"}],"wp:term":[{"taxonomy":"category","embeddable":true,"href":"https:\/\/blog.caritas.barcelona\/es\/wp-json\/wp\/v2\/categories?post=4366"},{"taxonomy":"post_tag","embeddable":true,"href":"https:\/\/blog.caritas.barcelona\/es\/wp-json\/wp\/v2\/tags?post=4366"},{"taxonomy":"autor","embeddable":true,"href":"https:\/\/blog.caritas.barcelona\/es\/wp-json\/wp\/v2\/autor?post=4366"}],"curies":[{"name":"wp","href":"https:\/\/api.w.org\/{rel}","templated":true}]}}