{"id":4363,"date":"2016-04-30T00:00:00","date_gmt":"2016-04-29T22:00:00","guid":{"rendered":"https:\/\/blog.caritas.barcelona\/acogida-y-acompanamiento\/la-upf-visita-el-paidos-barceloneta-2\/"},"modified":"2016-04-30T00:00:00","modified_gmt":"2016-04-29T22:00:00","slug":"la-upf-visita-el-paidos-barceloneta","status":"publish","type":"post","link":"https:\/\/blog.caritas.barcelona\/es\/entidades-con-corazon\/la-upf-visita-el-paidos-barceloneta\/","title":{"rendered":"La UPF visita el Paid\u00f3s Barceloneta i Ingeus"},"content":{"rendered":"<p style=\"text-align: justify;\">El pasado 28 de abril, una representaci\u00f3n de la Universitat Pompeu Fabra visit\u00f3 el centro Paid\u00f3s Barceloneta y Ingeus.<!--more--><\/p>\n<p style=\"text-align: justify;\">Esta representaci\u00f3n estaba formada por la Vicerrectora de Responsabilidad Social y Promoci\u00f3n, <strong>Dra. M\u00f3nica Figueras<\/strong>, la Vicedecana de la Facultad de Ciencias Econ\u00f3micas y Empresariales, <strong>Dra. Teresa Maria Monllau<\/strong>, y la Responsable de Solidaridad y Cooperaci\u00f3n, <strong>Dra. Montserrat Tort<\/strong>. Por parte de C\u00e1ritas Diocesana de Barcelona las acompa\u00f1aron <strong>Ferran Casamitjana<\/strong> y los voluntarios <strong>Jaume Comellas<\/strong> y <strong>Fernando Porta<\/strong>.\u00a0Se les explic\u00f3 todo el proceso de acompa\u00f1amiento de <strong>Feina amb Cor<\/strong> y los resultados obtenidos desde la creaci\u00f3n del programa.<\/p>\n<p style=\"text-align: justify;\"><a href=\"https:\/\/blog.caritas.barcelona\/wp-content\/uploads\/sites\/2\/2016\/02\/upf-logo-llarg-1.png\"><img loading=\"lazy\" decoding=\"async\" class=\"aligncenter wp-image-10040\" src=\"https:\/\/blog.caritas.barcelona\/wp-content\/uploads\/sites\/2\/2016\/02\/upf-logo-llarg-1-560x373.png\" alt=\"upf-logo-llarg\" width=\"354\" height=\"236\" \/><\/a><\/p>\n<p style=\"text-align: justify;\">El programa de Paid\u00f3s fue presentado por Fernando Casamitjana y, a continuaci\u00f3n, el centro de Barceloneta fue explicado y ense\u00f1ado por su Responsable <strong>Maruja Gonz\u00e1lez<\/strong> y su ayudante <strong>Joana<\/strong>. En <a href=\"http:\/\/ingeus.es\"><strong>Ingeus<\/strong><\/a> fueron recibidas por <strong>Gregori Cascante<\/strong>, <strong>Montserrat Roger<\/strong>, ambos de la empresa, y\u00a0<strong>Dessir\u00e9e Garcia<\/strong> de C\u00e1ritas.<\/p>\n<p>Desde C\u00e1ritas queremos dar las gracias a la <a href=\"http:\/\/upf.edu\/es\"><strong>UPF<\/strong><\/a> por su implicaci\u00f3n. GRACIAS CON CORAZ\u00d3N!<\/p>\n","protected":false},"excerpt":{"rendered":"<p>El pasado 28 de abril, una representaci\u00f3n de la Universitat Pompeu Fabra visit\u00f3 el centro Paid\u00f3s Barceloneta y Ingeus.<\/p>\n","protected":false},"author":4,"featured_media":0,"comment_status":"open","ping_status":"open","sticky":false,"template":"","format":"standard","meta":{"footnotes":""},"categories":[22],"tags":[75,459,90,97,502],"autor":[36],"class_list":["post-4363","post","type-post","status-publish","format-standard","hentry","category-entidades-con-corazon","tag-barceloneta","tag-ingeus","tag-paidos","tag-upf","tag-visita","autor-caritas-diocesana-de-barcelona-es"],"aioseo_notices":[],"_links":{"self":[{"href":"https:\/\/blog.caritas.barcelona\/es\/wp-json\/wp\/v2\/posts\/4363","targetHints":{"allow":["GET"]}}],"collection":[{"href":"https:\/\/blog.caritas.barcelona\/es\/wp-json\/wp\/v2\/posts"}],"about":[{"href":"https:\/\/blog.caritas.barcelona\/es\/wp-json\/wp\/v2\/types\/post"}],"author":[{"embeddable":true,"href":"https:\/\/blog.caritas.barcelona\/es\/wp-json\/wp\/v2\/users\/4"}],"replies":[{"embeddable":true,"href":"https:\/\/blog.caritas.barcelona\/es\/wp-json\/wp\/v2\/comments?post=4363"}],"version-history":[{"count":0,"href":"https:\/\/blog.caritas.barcelona\/es\/wp-json\/wp\/v2\/posts\/4363\/revisions"}],"wp:attachment":[{"href":"https:\/\/blog.caritas.barcelona\/es\/wp-json\/wp\/v2\/media?parent=4363"}],"wp:term":[{"taxonomy":"category","embeddable":true,"href":"https:\/\/blog.caritas.barcelona\/es\/wp-json\/wp\/v2\/categories?post=4363"},{"taxonomy":"post_tag","embeddable":true,"href":"https:\/\/blog.caritas.barcelona\/es\/wp-json\/wp\/v2\/tags?post=4363"},{"taxonomy":"autor","embeddable":true,"href":"https:\/\/blog.caritas.barcelona\/es\/wp-json\/wp\/v2\/autor?post=4363"}],"curies":[{"name":"wp","href":"https:\/\/api.w.org\/{rel}","templated":true}]}}