{"id":4355,"date":"2016-04-13T00:00:00","date_gmt":"2016-04-12T22:00:00","guid":{"rendered":"https:\/\/blog.caritas.barcelona\/acogida-y-acompanamiento\/mesa-redonda-de-buenas-practicas-en-rse-en-la-ub\/"},"modified":"2016-04-13T00:00:00","modified_gmt":"2016-04-12T22:00:00","slug":"mesa-redonda-de-buenas-practicas-en-rse-en-la-ub","status":"publish","type":"post","link":"https:\/\/blog.caritas.barcelona\/es\/entidades-con-corazon\/mesa-redonda-de-buenas-practicas-en-rse-en-la-ub\/","title":{"rendered":"Mesa Redonda de Buenas Pr\u00e1cticas en RSE en la UB"},"content":{"rendered":"<p style=\"text-align: justify;\">El pasado 6 de abril tuvo lugar en la Facultad de Econom\u00eda y Empresa de la UB una Mesa Redonda de Buenas Pr\u00e1cticas en <strong>Responsabilidad Social Empresarial<\/strong> (RSE). La mesa estaba dirigida a los estudiantes de segundo curso de ADE matriculados en la asignatura \u201cDirecci\u00f3n de les Organizaciones\u201d. Al acto asistieron <strong>67 estudiantes<\/strong>.<br \/>\n<!--more--><\/p>\n<p style=\"text-align: justify;\">El profesor responsable de la asignatura, el <strong>Dr. Carles Grau<\/strong> , expuso el objetivo del acto. A continuaci\u00f3n hablaron <strong>Antonio Izquierdo<\/strong>, voluntario de C\u00e1ritas de Diocesana de Barcelona, que explic\u00f3 las tareas desarrolladas por Universidades con Coraz\u00f3n dirigidas a sensibilizar a los estudiantes sobre la problem\u00e1tica social de las clases m\u00e1s desfavorecidas y las medidas que lleva a cabo C\u00e1ritas para tratar de erradicar la pobreza.<\/p>\n<p style=\"text-align: justify;\">A continuaci\u00f3n, intervinieron <strong>Ignacio Guerra<\/strong>, consejero delegado de Alfa Consulting, y <strong>Elena de Carandini<\/strong>, Directora General de la Fundaci\u00f3 Boscana. Los dos ponentes explicaron las pol\u00edticas de RSE que llevan a cabo desde sus entidades.<\/p>\n<p style=\"text-align: justify;\">\n<p style=\"text-align: justify;\"><a href=\"https:\/\/blog.caritas.barcelona\/wp-content\/uploads\/sites\/2\/2016\/04\/ub-economia.jpg\" rel=\"attachment wp-att-11600\"><img loading=\"lazy\" decoding=\"async\" class=\"aligncenter  wp-image-11600\" src=\"https:\/\/blog.caritas.barcelona\/wp-content\/uploads\/sites\/2\/2016\/04\/ub-economia-560x420.jpg\" alt=\"ub economia\" width=\"465\" height=\"349\" \/><\/a><\/p>\n<p style=\"text-align: justify;\">Desde C\u00e1ritas damos las gracias a\u00a0la <strong>UB<\/strong>\u00a0por acoger esta Mesa Redonda, y a <strong><a href=\"http:\/\/alfaconsulting.com\/\" target=\"_blank\">Alfa Consulting<\/a><\/strong>\u00a0y\u00a0<strong><a href=\"http:\/\/www.boscana.com\/\" target=\"_blank\">Fundaci\u00f3 Boscana<\/a><\/strong> por formar parte de ella. GRACIAS A TODOS!!<\/p>\n","protected":false},"excerpt":{"rendered":"<p>El pasado 6 de abril tuvo lugar en la Facultad de Econom\u00eda y Empresa de la UB una Mesa Redonda de Buenas Pr\u00e1cticas en Responsabilidad Social Empresarial (RSE). La mesa estaba dirigida a los estudiantes de segundo curso de ADE matriculados en la asignatura \u201cDirecci\u00f3n de les Organizaciones\u201d. Al acto asistieron 67 estudiantes.<\/p>\n","protected":false},"author":4,"featured_media":0,"comment_status":"open","ping_status":"open","sticky":false,"template":"","format":"standard","meta":{"footnotes":""},"categories":[22],"tags":[484,1032,485,938,318],"autor":[36],"class_list":["post-4355","post","type-post","status-publish","format-standard","hentry","category-entidades-con-corazon","tag-alfa-consulting","tag-boscana","tag-economia","tag-mesa-redonda","tag-ub","autor-caritas-diocesana-de-barcelona-es"],"aioseo_notices":[],"_links":{"self":[{"href":"https:\/\/blog.caritas.barcelona\/es\/wp-json\/wp\/v2\/posts\/4355","targetHints":{"allow":["GET"]}}],"collection":[{"href":"https:\/\/blog.caritas.barcelona\/es\/wp-json\/wp\/v2\/posts"}],"about":[{"href":"https:\/\/blog.caritas.barcelona\/es\/wp-json\/wp\/v2\/types\/post"}],"author":[{"embeddable":true,"href":"https:\/\/blog.caritas.barcelona\/es\/wp-json\/wp\/v2\/users\/4"}],"replies":[{"embeddable":true,"href":"https:\/\/blog.caritas.barcelona\/es\/wp-json\/wp\/v2\/comments?post=4355"}],"version-history":[{"count":0,"href":"https:\/\/blog.caritas.barcelona\/es\/wp-json\/wp\/v2\/posts\/4355\/revisions"}],"wp:attachment":[{"href":"https:\/\/blog.caritas.barcelona\/es\/wp-json\/wp\/v2\/media?parent=4355"}],"wp:term":[{"taxonomy":"category","embeddable":true,"href":"https:\/\/blog.caritas.barcelona\/es\/wp-json\/wp\/v2\/categories?post=4355"},{"taxonomy":"post_tag","embeddable":true,"href":"https:\/\/blog.caritas.barcelona\/es\/wp-json\/wp\/v2\/tags?post=4355"},{"taxonomy":"autor","embeddable":true,"href":"https:\/\/blog.caritas.barcelona\/es\/wp-json\/wp\/v2\/autor?post=4355"}],"curies":[{"name":"wp","href":"https:\/\/api.w.org\/{rel}","templated":true}]}}