{"id":4347,"date":"2016-03-01T00:00:00","date_gmt":"2016-02-29T23:00:00","guid":{"rendered":"https:\/\/blog.caritas.barcelona\/acogida-y-acompanamiento\/mesa-redonda-de-buenas-practicas-empresariales-en-rsc-en-la-fpc\/"},"modified":"2023-10-09T10:17:39","modified_gmt":"2023-10-09T08:17:39","slug":"mesa-redonda-de-buenas-practicas-empresariales-en-rsc-en-la-fpc","status":"publish","type":"post","link":"https:\/\/blog.caritas.barcelona\/es\/entidades-con-corazon\/mesa-redonda-de-buenas-practicas-empresariales-en-rsc-en-la-fpc\/","title":{"rendered":"Mesa Redonda de Buenas Pr\u00e1cticas Empresariales en RSC en la FPC"},"content":{"rendered":"<p style=\"text-align: justify;\">El pasado 27 de febrero tuvo lugar una Mesa Redonda de Buenas Pr\u00e1cticas Empresariales en RSC (<strong>Responsabilidad Social Corporativa<\/strong>) en la Fundaci\u00f3 Polit\u00e8cnica de Catalunya (<strong>Tech Talent Center<\/strong>) y dirigida a los alumnos del <strong>MBA<\/strong>.<br \/>\n<!--more--><\/p>\n<p style=\"text-align: justify;\">El Director del M\u00e1ster, el <strong>Dr. M\u00e0rius Aguer<\/strong>, hizo la introducci\u00f3n y present\u00f3 los ponentes. En primer lugar, <strong>Fernando Porta<\/strong>, voluntario de C\u00e1ritas y Responsable de Universidades con Coraz\u00f3n, que present\u00f3 qui\u00e9n es y qu\u00e9 hace C\u00e1ritas Diocesana de Barcelona y seguidamente Entidades con Coraz\u00f3n. A continuaci\u00f3n intervinieron <strong>Jordi Sala<\/strong>, Director de RR HH del Hotel Arts, <strong>Jordi Alavedra<\/strong>, Consultor de Ogilvy &amp; Mather, y <strong>Raimon Miserachs<\/strong>, Director Comercial de Lunet.<\/p>\n<p style=\"text-align: justify;\">Finalizadas las intervenciones, se abri\u00f3 un <strong>coloquio<\/strong> que dur\u00f3 50 minutos.<b>\u00a0<\/b>Asistieron <strong>42 alumnos<\/strong>, que llenaron el aula.<\/p>\n<p><img loading=\"lazy\" decoding=\"async\" class=\"aligncenter wp-image-11523 size-medium\" src=\"https:\/\/blog.caritas.barcelona\/wp-content\/uploads\/sites\/2\/2016\/03\/IMG_7921-1-560x420.jpg\" alt=\"IMG_7921 (1)\" width=\"560\" height=\"420\" \/><\/p>\n<p style=\"text-align: justify;\">Desde C\u00e1ritas queremos dar las gracias a la <strong><a href=\"https:\/\/www.fpc.upc.edu\/\" target=\"_blank\" rel=\"noopener\">FPC<\/a><\/strong> por contar con nosotros para la sensibilizaci\u00f3n de sus alumnos del MBA, y tambi\u00e9n al <strong><a href=\"http:\/\/www.hotelartsbarcelona.com\/es\" target=\"_blank\" rel=\"noopener\">Hotel Arts<\/a><\/strong>, <strong><a href=\"http:\/\/www.ogilvy.es\/html\/es\/ogilvymatherpublicidad\" target=\"_blank\" rel=\"noopener\">Ogilvy Mather<\/a><\/strong>\u00a0y\u00a0<strong><a href=\"http:\/\/www.lunet.es\/\" target=\"_blank\" rel=\"noopener\">Lunet<\/a><\/strong> por implicarse en esta Mesa Redonda.<\/p>\n<p style=\"text-align: justify;\">GRACIAS CON CORAZ\u00d3N!!<\/p>\n","protected":false},"excerpt":{"rendered":"<p>El pasado 27 de febrero tuvo lugar una Mesa Redonda de Buenas Pr\u00e1cticas Empresariales en RSC (Responsabilidad Social Corporativa) en la Fundaci\u00f3 Polit\u00e8cnica de Catalunya (Tech Talent Center) y dirigida a los alumnos del MBA.<\/p>\n","protected":false},"author":4,"featured_media":0,"comment_status":"closed","ping_status":"closed","sticky":false,"template":"","format":"standard","meta":{"footnotes":""},"categories":[22],"tags":[1903,963,2190,1021,2101,938,2185,1022],"autor":[36],"class_list":["post-4347","post","type-post","status-publish","format-standard","hentry","category-entidades-con-corazon","tag-barcelona-es","tag-cataluna","tag-fpc-es","tag-fundacion-politecnica","tag-lunet-es","tag-mesa-redonda","tag-ogilvy-es","tag-tech-talent","autor-caritas-diocesana-de-barcelona-es"],"aioseo_notices":[],"_links":{"self":[{"href":"https:\/\/blog.caritas.barcelona\/es\/wp-json\/wp\/v2\/posts\/4347","targetHints":{"allow":["GET"]}}],"collection":[{"href":"https:\/\/blog.caritas.barcelona\/es\/wp-json\/wp\/v2\/posts"}],"about":[{"href":"https:\/\/blog.caritas.barcelona\/es\/wp-json\/wp\/v2\/types\/post"}],"author":[{"embeddable":true,"href":"https:\/\/blog.caritas.barcelona\/es\/wp-json\/wp\/v2\/users\/4"}],"replies":[{"embeddable":true,"href":"https:\/\/blog.caritas.barcelona\/es\/wp-json\/wp\/v2\/comments?post=4347"}],"version-history":[{"count":1,"href":"https:\/\/blog.caritas.barcelona\/es\/wp-json\/wp\/v2\/posts\/4347\/revisions"}],"predecessor-version":[{"id":13287,"href":"https:\/\/blog.caritas.barcelona\/es\/wp-json\/wp\/v2\/posts\/4347\/revisions\/13287"}],"wp:attachment":[{"href":"https:\/\/blog.caritas.barcelona\/es\/wp-json\/wp\/v2\/media?parent=4347"}],"wp:term":[{"taxonomy":"category","embeddable":true,"href":"https:\/\/blog.caritas.barcelona\/es\/wp-json\/wp\/v2\/categories?post=4347"},{"taxonomy":"post_tag","embeddable":true,"href":"https:\/\/blog.caritas.barcelona\/es\/wp-json\/wp\/v2\/tags?post=4347"},{"taxonomy":"autor","embeddable":true,"href":"https:\/\/blog.caritas.barcelona\/es\/wp-json\/wp\/v2\/autor?post=4347"}],"curies":[{"name":"wp","href":"https:\/\/api.w.org\/{rel}","templated":true}]}}