{"id":4336,"date":"2015-12-24T00:00:00","date_gmt":"2015-12-23T23:00:00","guid":{"rendered":"https:\/\/blog.caritas.barcelona\/acogida-y-acompanamiento\/altran-una-navidad-con-caritas\/"},"modified":"2015-12-24T00:00:00","modified_gmt":"2015-12-23T23:00:00","slug":"altran-una-navidad-con-caritas","status":"publish","type":"post","link":"https:\/\/blog.caritas.barcelona\/es\/entidades-con-corazon\/altran-una-navidad-con-caritas\/","title":{"rendered":"Altran, una Navidad con C\u00e1ritas"},"content":{"rendered":"<p>La consultora tecnol\u00f3gica Altran hizo una <strong>donaci\u00f3n de lotes de Navidad<\/strong> para C\u00e1ritas Diocesana de Barcelona, los cuales se repartieron por los <strong>centros<\/strong> y el <strong>almac\u00e9n<\/strong> de C\u00e1ritas.<br \/>\n<!--more--><\/p>\n<p style=\"text-align: justify;\"><a href=\"https:\/\/blog.caritas.barcelona\/wp-content\/uploads\/sites\/2\/2016\/02\/altran-logo.jpg\" rel=\"attachment wp-att-11362\"><img loading=\"lazy\" decoding=\"async\" class=\"aligncenter  wp-image-11362\" src=\"https:\/\/blog.caritas.barcelona\/wp-content\/uploads\/sites\/2\/2016\/02\/altran-logo.jpg\" alt=\"altran logo\" width=\"302\" height=\"170\" \/><\/a><\/p>\n<p style=\"text-align: justify;\">Muchas gracias\u00a0a <strong><a href=\"http:\/\/www.altran.es\/\" target=\"_blank\">Altran<\/a><\/strong> por su generosidad!!!<\/p>\n","protected":false},"excerpt":{"rendered":"<p>La consultora tecnol\u00f3gica Altran hizo una donaci\u00f3n de lotes de Navidad para C\u00e1ritas Diocesana de Barcelona, los cuales se repartieron por los centros y el almac\u00e9n de C\u00e1ritas.<\/p>\n","protected":false},"author":4,"featured_media":0,"comment_status":"open","ping_status":"open","sticky":false,"template":"","format":"standard","meta":{"footnotes":""},"categories":[22],"tags":[1008,49,1009,829,949],"autor":[36],"class_list":["post-4336","post","type-post","status-publish","format-standard","hentry","category-entidades-con-corazon","tag-altran","tag-caritas","tag-cestas","tag-donacion","tag-navidad","autor-caritas-diocesana-de-barcelona-es"],"aioseo_notices":[],"_links":{"self":[{"href":"https:\/\/blog.caritas.barcelona\/es\/wp-json\/wp\/v2\/posts\/4336","targetHints":{"allow":["GET"]}}],"collection":[{"href":"https:\/\/blog.caritas.barcelona\/es\/wp-json\/wp\/v2\/posts"}],"about":[{"href":"https:\/\/blog.caritas.barcelona\/es\/wp-json\/wp\/v2\/types\/post"}],"author":[{"embeddable":true,"href":"https:\/\/blog.caritas.barcelona\/es\/wp-json\/wp\/v2\/users\/4"}],"replies":[{"embeddable":true,"href":"https:\/\/blog.caritas.barcelona\/es\/wp-json\/wp\/v2\/comments?post=4336"}],"version-history":[{"count":0,"href":"https:\/\/blog.caritas.barcelona\/es\/wp-json\/wp\/v2\/posts\/4336\/revisions"}],"wp:attachment":[{"href":"https:\/\/blog.caritas.barcelona\/es\/wp-json\/wp\/v2\/media?parent=4336"}],"wp:term":[{"taxonomy":"category","embeddable":true,"href":"https:\/\/blog.caritas.barcelona\/es\/wp-json\/wp\/v2\/categories?post=4336"},{"taxonomy":"post_tag","embeddable":true,"href":"https:\/\/blog.caritas.barcelona\/es\/wp-json\/wp\/v2\/tags?post=4336"},{"taxonomy":"autor","embeddable":true,"href":"https:\/\/blog.caritas.barcelona\/es\/wp-json\/wp\/v2\/autor?post=4336"}],"curies":[{"name":"wp","href":"https:\/\/api.w.org\/{rel}","templated":true}]}}