{"id":4329,"date":"2016-01-22T00:00:00","date_gmt":"2016-01-21T23:00:00","guid":{"rendered":"https:\/\/blog.caritas.barcelona\/acogida-y-acompanamiento\/la-tbs-barcelona-implicada-con-el-proyecto-paidos\/"},"modified":"2016-01-22T00:00:00","modified_gmt":"2016-01-21T23:00:00","slug":"la-tbs-barcelona-implicada-con-el-proyecto-paidos","status":"publish","type":"post","link":"https:\/\/blog.caritas.barcelona\/es\/entidades-con-corazon\/la-tbs-barcelona-implicada-con-el-proyecto-paidos\/","title":{"rendered":"La TBS Barcelona, implicada con el proyecto Paid\u00f3s"},"content":{"rendered":"<p style=\"text-align: justify;\">El pasado 19 de enero se hicieron dos presentaciones del <strong>proyecto Paid\u00f3s<\/strong> a los alumnos de Bachelor de la <strong>Toulouse Business School de Barcelona<\/strong>.<!--more--><\/p>\n<p style=\"text-align: justify;\">Paid\u00f3s, iniciativa contra la <strong>pobreza infantil<\/strong>, ha sido el proyecto de C\u00e1ritas escogido por la comunidad de la escuela para recoger recursos econ\u00f3micos y material escolar.<\/p>\n<p style=\"text-align: justify;\"><strong>Fernando Porta<\/strong>, voluntario de C\u00e1ritas y responsable del grupo de Universidades con Coraz\u00f3n, comenz\u00f3 explicando qui\u00e9nes son y qu\u00e9 hacen C\u00e1ritas Diocesana de Barcelona y Entidades con Coraz\u00f3n. A continuaci\u00f3n <strong>Llu\u00efsa Sebasti\u00e0<\/strong>, asesora pedag\u00f3gica del programa de Familia e Infancia de C\u00e1ritas, present\u00f3 el proyecto Paid\u00f3s.<\/p>\n<p style=\"text-align: center;\"><a href=\"https:\/\/blog.caritas.barcelona\/wp-content\/uploads\/sites\/2\/2016\/02\/tbsb-logo.png\"><img loading=\"lazy\" decoding=\"async\" class=\"aligncenter wp-image-9998\" src=\"https:\/\/blog.caritas.barcelona\/wp-content\/uploads\/sites\/2\/2016\/02\/tbsb-logo.png\" alt=\"tbsb logo\" width=\"298\" height=\"215\" \/><\/a><\/p>\n<p style=\"text-align: justify;\">En la segunda sesi\u00f3n, los ponentes fueron Fernando Porta y <strong>Mireia Milian<\/strong>, tambi\u00e9n asesora pedag\u00f3gica del mismo programa.<\/p>\n<p style=\"text-align: justify;\">Desde C\u00e1ritas queremos agradecer a la <a href=\"http:\/\/www.tbs-education.es\/\" target=\"_blank\"><strong>TBS Barcelona<\/strong><\/a>\u00a0su generosidad acogiendo esta presentaci\u00f3n. Juntos, trabajamos para la sensibilizaci\u00f3n de los j\u00f3venes. MUCHAS GRACIAS!<\/p>\n","protected":false},"excerpt":{"rendered":"<p>El pasado 19 de enero se hicieron dos presentaciones del proyecto Paid\u00f3s a los alumnos de Bachelor de la Toulouse Business School de Barcelona.<\/p>\n","protected":false},"author":4,"featured_media":0,"comment_status":"open","ping_status":"open","sticky":false,"template":"","format":"standard","meta":{"footnotes":""},"categories":[22],"tags":[62,997,49,402,90,998,417,419],"autor":[36],"class_list":["post-4329","post","type-post","status-publish","format-standard","hentry","category-entidades-con-corazon","tag-barcelona","tag-business","tag-caritas","tag-infancia","tag-paidos","tag-school","tag-tbs","tag-toulouse","autor-caritas-diocesana-de-barcelona-es"],"aioseo_notices":[],"_links":{"self":[{"href":"https:\/\/blog.caritas.barcelona\/es\/wp-json\/wp\/v2\/posts\/4329","targetHints":{"allow":["GET"]}}],"collection":[{"href":"https:\/\/blog.caritas.barcelona\/es\/wp-json\/wp\/v2\/posts"}],"about":[{"href":"https:\/\/blog.caritas.barcelona\/es\/wp-json\/wp\/v2\/types\/post"}],"author":[{"embeddable":true,"href":"https:\/\/blog.caritas.barcelona\/es\/wp-json\/wp\/v2\/users\/4"}],"replies":[{"embeddable":true,"href":"https:\/\/blog.caritas.barcelona\/es\/wp-json\/wp\/v2\/comments?post=4329"}],"version-history":[{"count":0,"href":"https:\/\/blog.caritas.barcelona\/es\/wp-json\/wp\/v2\/posts\/4329\/revisions"}],"wp:attachment":[{"href":"https:\/\/blog.caritas.barcelona\/es\/wp-json\/wp\/v2\/media?parent=4329"}],"wp:term":[{"taxonomy":"category","embeddable":true,"href":"https:\/\/blog.caritas.barcelona\/es\/wp-json\/wp\/v2\/categories?post=4329"},{"taxonomy":"post_tag","embeddable":true,"href":"https:\/\/blog.caritas.barcelona\/es\/wp-json\/wp\/v2\/tags?post=4329"},{"taxonomy":"autor","embeddable":true,"href":"https:\/\/blog.caritas.barcelona\/es\/wp-json\/wp\/v2\/autor?post=4329"}],"curies":[{"name":"wp","href":"https:\/\/api.w.org\/{rel}","templated":true}]}}