{"id":4327,"date":"2015-12-16T00:00:00","date_gmt":"2015-12-15T23:00:00","guid":{"rendered":"https:\/\/blog.caritas.barcelona\/acogida-y-acompanamiento\/comida-de-navidad-gracias-al-voluntariado-corporativo-del-hotel-arts\/"},"modified":"2015-12-16T00:00:00","modified_gmt":"2015-12-15T23:00:00","slug":"comida-de-navidad-gracias-al-voluntariado-corporativo-del-hotel-arts","status":"publish","type":"post","link":"https:\/\/blog.caritas.barcelona\/es\/entidades-con-corazon\/comida-de-navidad-gracias-al-voluntariado-corporativo-del-hotel-arts\/","title":{"rendered":"Comida de Navidad, gracias al voluntariado corporativo del Hotel Arts"},"content":{"rendered":"<p style=\"text-align: justify\">El pasado 4 de diciembre, el <strong>Restaurante Dol\u00e7a Herminia<\/strong> acogi\u00f3 una comida de Navidad para los usuarios de las <strong>Unidades de Convivencia de C\u00e1ritas<\/strong>. El almuerzo fue patrocinado por los <strong>voluntarios del Hotel Arts de Barcelona<\/strong>.<!--more--><\/p>\n<p style=\"text-align: justify\">Era la primera vez que los usuarios de las Unidades de Convivencia de <strong>Sant Camil<\/strong> y de <strong>Ronda<\/strong> se conoc\u00edan. &#8220;Estuvo muy bien, un trato agradable, buen ambiente, <strong>comiendo de restaurante y en familia<\/strong>&#8220;, comenta uno de ellos.<\/p>\n<p style=\"text-align: center\"><a href=\"https:\/\/blog.caritas.barcelona\/wp-content\/uploads\/sites\/2\/2016\/02\/Arts-1.jpg\"><img loading=\"lazy\" decoding=\"async\" class=\"aligncenter  wp-image-9977\" alt=\"Arts 1\" src=\"https:\/\/blog.caritas.barcelona\/wp-content\/uploads\/sites\/2\/2016\/02\/Arts-1.jpg\" width=\"480\" height=\"360\" \/><\/a><\/p>\n<p style=\"text-align: center\"><a href=\"https:\/\/blog.caritas.barcelona\/wp-content\/uploads\/sites\/2\/2016\/02\/Arts-2.jpg\"><img loading=\"lazy\" decoding=\"async\" class=\"aligncenter  wp-image-9978\" alt=\"Arts 2\" src=\"https:\/\/blog.caritas.barcelona\/wp-content\/uploads\/sites\/2\/2016\/02\/Arts-2.jpg\" width=\"480\" height=\"360\" \/><\/a><\/p>\n<p>Queremos aprovechar para dar las gracias al <a href=\"http:\/\/www.hotelartsbarcelona.com\/es\" target=\"_blank\"><strong>Hotel Arts<\/strong><\/a>\u00a0por esta iniciativa que pudieron disfrutar los usuarios de nuestro centro. Y muy especialmente a los tres voluntarios que vinieron con nosotros. MUCHAS GRACIAS!!!<\/p>\n","protected":false},"excerpt":{"rendered":"<p>El pasado 4 de diciembre, el Restaurante Dol\u00e7a Herminia acogi\u00f3 una comida de Navidad para los usuarios de las Unidades de Convivencia de C\u00e1ritas. El almuerzo fue patrocinado por los voluntarios del Hotel Arts de Barcelona.<\/p>\n","protected":false},"author":4,"featured_media":0,"comment_status":"open","ping_status":"open","sticky":false,"template":"","format":"standard","meta":{"footnotes":""},"categories":[22],"tags":[993,62,410,949,994],"autor":[36],"class_list":["post-4327","post","type-post","status-publish","format-standard","hentry","category-entidades-con-corazon","tag-almuerzo","tag-barcelona","tag-hotel-arts","tag-navidad","tag-voluntariado","autor-caritas-diocesana-de-barcelona-es"],"aioseo_notices":[],"_links":{"self":[{"href":"https:\/\/blog.caritas.barcelona\/es\/wp-json\/wp\/v2\/posts\/4327","targetHints":{"allow":["GET"]}}],"collection":[{"href":"https:\/\/blog.caritas.barcelona\/es\/wp-json\/wp\/v2\/posts"}],"about":[{"href":"https:\/\/blog.caritas.barcelona\/es\/wp-json\/wp\/v2\/types\/post"}],"author":[{"embeddable":true,"href":"https:\/\/blog.caritas.barcelona\/es\/wp-json\/wp\/v2\/users\/4"}],"replies":[{"embeddable":true,"href":"https:\/\/blog.caritas.barcelona\/es\/wp-json\/wp\/v2\/comments?post=4327"}],"version-history":[{"count":0,"href":"https:\/\/blog.caritas.barcelona\/es\/wp-json\/wp\/v2\/posts\/4327\/revisions"}],"wp:attachment":[{"href":"https:\/\/blog.caritas.barcelona\/es\/wp-json\/wp\/v2\/media?parent=4327"}],"wp:term":[{"taxonomy":"category","embeddable":true,"href":"https:\/\/blog.caritas.barcelona\/es\/wp-json\/wp\/v2\/categories?post=4327"},{"taxonomy":"post_tag","embeddable":true,"href":"https:\/\/blog.caritas.barcelona\/es\/wp-json\/wp\/v2\/tags?post=4327"},{"taxonomy":"autor","embeddable":true,"href":"https:\/\/blog.caritas.barcelona\/es\/wp-json\/wp\/v2\/autor?post=4327"}],"curies":[{"name":"wp","href":"https:\/\/api.w.org\/{rel}","templated":true}]}}