{"id":4325,"date":"2016-01-02T00:00:00","date_gmt":"2016-01-01T23:00:00","guid":{"rendered":"https:\/\/blog.caritas.barcelona\/acogida-y-acompanamiento\/artesavi-peluches-para-los-ninos-de-caritas\/"},"modified":"2023-08-15T13:03:39","modified_gmt":"2023-08-15T11:03:39","slug":"artesavi-peluches-para-los-ninos-de-caritas","status":"publish","type":"post","link":"https:\/\/blog.caritas.barcelona\/es\/entidades-con-corazon\/artesavi-peluches-para-los-ninos-de-caritas\/","title":{"rendered":"Artesavi, peluches para los ni\u00f1os de C\u00e1ritas"},"content":{"rendered":"<p style=\"text-align: justify;\">El pasado mes de diciembre, la empresa de mu\u00f1ecos y peluches Artesavi hizo una <strong>donaci\u00f3n de peluches<\/strong> a C\u00e1ritas Diocesana de Barcelona. Los peluches se utilizaron como regalo del <strong>Ti\u00f3<\/strong> de diferentes <strong>centros de ni\u00f1os<\/strong> de los proyectos de Infancia.<!--more--><\/p>\n<p style=\"text-align: center;\"><a href=\"https:\/\/www.artesavi.com\/es\/\"><img loading=\"lazy\" decoding=\"async\" class=\"aligncenter wp-image-9958\" src=\"https:\/\/blog.caritas.barcelona\/wp-content\/uploads\/sites\/2\/2016\/02\/logo-artesavi.jpg\" alt=\"logo artesavi\" width=\"340\" height=\"154\" \/><\/a><\/p>\n<p>Desde C\u00e1ritas queremos dar las gracias a <a href=\"https:\/\/www.artesavi.com\/es\/\" target=\"_blank\" rel=\"noopener\"><strong>Artesavi<\/strong><\/a>\u00a0por su sensibilidad hacia los ni\u00f1os m\u00e1s desfavorecidos en una fecha tan se\u00f1alada como es la Navidad. GRACIAS CON CORAZ\u00d3N!!<\/p>\n","protected":false},"excerpt":{"rendered":"<p>El pasado mes de diciembre, la empresa de mu\u00f1ecos y peluches Artesavi hizo una donaci\u00f3n de peluches a C\u00e1ritas Diocesana de Barcelona. Los peluches se utilizaron como regalo del Ti\u00f3 de diferentes centros de ni\u00f1os de los proyectos de Infancia.<\/p>\n","protected":false},"author":4,"featured_media":0,"comment_status":"closed","ping_status":"closed","sticky":false,"template":"","format":"standard","meta":{"footnotes":""},"categories":[22],"tags":[2127,2128,1224,2129,959,823,991,2130],"autor":[36],"class_list":["post-4325","post","type-post","status-publish","format-standard","hentry","category-entidades-con-corazon","tag-artesavi-es","tag-caga-es","tag-caritas-es","tag-infancia-es","tag-juguetes","tag-ninos","tag-peluches","tag-tio-es","autor-caritas-diocesana-de-barcelona-es"],"aioseo_notices":[],"_links":{"self":[{"href":"https:\/\/blog.caritas.barcelona\/es\/wp-json\/wp\/v2\/posts\/4325","targetHints":{"allow":["GET"]}}],"collection":[{"href":"https:\/\/blog.caritas.barcelona\/es\/wp-json\/wp\/v2\/posts"}],"about":[{"href":"https:\/\/blog.caritas.barcelona\/es\/wp-json\/wp\/v2\/types\/post"}],"author":[{"embeddable":true,"href":"https:\/\/blog.caritas.barcelona\/es\/wp-json\/wp\/v2\/users\/4"}],"replies":[{"embeddable":true,"href":"https:\/\/blog.caritas.barcelona\/es\/wp-json\/wp\/v2\/comments?post=4325"}],"version-history":[{"count":1,"href":"https:\/\/blog.caritas.barcelona\/es\/wp-json\/wp\/v2\/posts\/4325\/revisions"}],"predecessor-version":[{"id":13079,"href":"https:\/\/blog.caritas.barcelona\/es\/wp-json\/wp\/v2\/posts\/4325\/revisions\/13079"}],"wp:attachment":[{"href":"https:\/\/blog.caritas.barcelona\/es\/wp-json\/wp\/v2\/media?parent=4325"}],"wp:term":[{"taxonomy":"category","embeddable":true,"href":"https:\/\/blog.caritas.barcelona\/es\/wp-json\/wp\/v2\/categories?post=4325"},{"taxonomy":"post_tag","embeddable":true,"href":"https:\/\/blog.caritas.barcelona\/es\/wp-json\/wp\/v2\/tags?post=4325"},{"taxonomy":"autor","embeddable":true,"href":"https:\/\/blog.caritas.barcelona\/es\/wp-json\/wp\/v2\/autor?post=4325"}],"curies":[{"name":"wp","href":"https:\/\/api.w.org\/{rel}","templated":true}]}}