{"id":4322,"date":"2016-01-02T00:00:00","date_gmt":"2016-01-01T23:00:00","guid":{"rendered":"https:\/\/blog.caritas.barcelona\/acogida-y-acompanamiento\/un-ano-mas-nacex-al-lado-de-caritas\/"},"modified":"2016-01-02T00:00:00","modified_gmt":"2016-01-01T23:00:00","slug":"un-ano-mas-nacex-al-lado-de-caritas","status":"publish","type":"post","link":"https:\/\/blog.caritas.barcelona\/es\/entidades-con-corazon\/un-ano-mas-nacex-al-lado-de-caritas\/","title":{"rendered":"Un a\u00f1o m\u00e1s, NACEX al lado de C\u00e1ritas"},"content":{"rendered":"<p style=\"text-align: justify\">La empresa logista NACEX lleva muchos a\u00f1os ayudando a C\u00e1ritas, especialmente con las campa\u00f1as de Navidad de<strong> recogida de alimentos<\/strong>.<!--more--><\/p>\n<p style=\"text-align: justify\">La empresa se ha hecho cargo en numerosas ocasiones del transporte de los alimentos recogidos en varias <strong>escuelas<\/strong> hasta el <strong>almac\u00e9n<\/strong> de C\u00e1ritas Diocesana de Barcelona, donde se guardan recursos para las personas en riesgo de <strong>exclusi\u00f3n social<\/strong>. Adem\u00e1s, la misma NACEX ha llevado a cabo una <strong>campa\u00f1a de recogida de alimentos<\/strong> a favor de C\u00e1ritas.<\/p>\n<p style=\"text-align: center\"><a href=\"https:\/\/blog.caritas.barcelona\/wp-content\/uploads\/sites\/2\/2016\/02\/nacex-logo-trans.png\"><img loading=\"lazy\" decoding=\"async\" class=\"aligncenter  wp-image-9934\" alt=\"nacex logo trans\" src=\"https:\/\/blog.caritas.barcelona\/wp-content\/uploads\/sites\/2\/2016\/02\/nacex-logo-trans-560x221.png\" width=\"336\" height=\"133\" \/><\/a><\/p>\n<p>Desde nuestra instituci\u00f3n agradecemos enormemente el constante compromiso de <strong><a href=\"https:\/\/www.nacex.es\/irHome.do\" target=\"_blank\">NACEX<\/a>\u00a0<\/strong>con nuestra labor. GRACIAS CON CORAZ\u00d3N!<\/p>\n","protected":false},"excerpt":{"rendered":"<p>La empresa logista NACEX lleva muchos a\u00f1os ayudando a C\u00e1ritas, especialmente con las campa\u00f1as de Navidad de recogida de alimentos.<\/p>\n","protected":false},"author":4,"featured_media":0,"comment_status":"open","ping_status":"open","sticky":false,"template":"","format":"standard","meta":{"footnotes":""},"categories":[22],"tags":[984,985,49,986,987,126,235,887,901],"autor":[36],"class_list":["post-4322","post","type-post","status-publish","format-standard","hentry","category-entidades-con-corazon","tag-a-limentos","tag-anvidad","tag-caritas","tag-colegios","tag-escuelas","tag-logistica","tag-nacex","tag-recogida","tag-transporte","autor-caritas-diocesana-de-barcelona-es"],"aioseo_notices":[],"_links":{"self":[{"href":"https:\/\/blog.caritas.barcelona\/es\/wp-json\/wp\/v2\/posts\/4322","targetHints":{"allow":["GET"]}}],"collection":[{"href":"https:\/\/blog.caritas.barcelona\/es\/wp-json\/wp\/v2\/posts"}],"about":[{"href":"https:\/\/blog.caritas.barcelona\/es\/wp-json\/wp\/v2\/types\/post"}],"author":[{"embeddable":true,"href":"https:\/\/blog.caritas.barcelona\/es\/wp-json\/wp\/v2\/users\/4"}],"replies":[{"embeddable":true,"href":"https:\/\/blog.caritas.barcelona\/es\/wp-json\/wp\/v2\/comments?post=4322"}],"version-history":[{"count":0,"href":"https:\/\/blog.caritas.barcelona\/es\/wp-json\/wp\/v2\/posts\/4322\/revisions"}],"wp:attachment":[{"href":"https:\/\/blog.caritas.barcelona\/es\/wp-json\/wp\/v2\/media?parent=4322"}],"wp:term":[{"taxonomy":"category","embeddable":true,"href":"https:\/\/blog.caritas.barcelona\/es\/wp-json\/wp\/v2\/categories?post=4322"},{"taxonomy":"post_tag","embeddable":true,"href":"https:\/\/blog.caritas.barcelona\/es\/wp-json\/wp\/v2\/tags?post=4322"},{"taxonomy":"autor","embeddable":true,"href":"https:\/\/blog.caritas.barcelona\/es\/wp-json\/wp\/v2\/autor?post=4322"}],"curies":[{"name":"wp","href":"https:\/\/api.w.org\/{rel}","templated":true}]}}