{"id":4317,"date":"2015-12-25T00:00:00","date_gmt":"2015-12-24T23:00:00","guid":{"rendered":"https:\/\/blog.caritas.barcelona\/acogida-y-acompanamiento\/fiesta-de-navidad-del-centre-obert-torre-baro\/"},"modified":"2015-12-25T00:00:00","modified_gmt":"2015-12-24T23:00:00","slug":"fiesta-de-navidad-del-centre-obert-torre-baro","status":"publish","type":"post","link":"https:\/\/blog.caritas.barcelona\/es\/entidades-con-corazon\/fiesta-de-navidad-del-centre-obert-torre-baro\/","title":{"rendered":"Fiesta de Navidad del Centre Obert Torre Bar\u00f3"},"content":{"rendered":"<p style=\"text-align: justify\">En el Centre Obert es tradici\u00f3n, en Navidad, hacer una <strong>fiesta con las familias de los ni\u00f1os y ni\u00f1as<\/strong>. Este a\u00f1o asistieron unas <strong>100 personas<\/strong>.<!--more--><\/p>\n<p style=\"text-align: justify\">La tarde transcurri\u00f3 con <strong>villancicos<\/strong> de los ni\u00f1os y ni\u00f1as y padres y madres, hacer cagar al <strong>Ti\u00f3<\/strong>, etc. Y no falt\u00f3 el <strong>sorteo<\/strong> de la <strong>cesta<\/strong> <strong>navide\u00f1a<\/strong>!<\/p>\n<p style=\"text-align: justify\"><a href=\"https:\/\/blog.caritas.barcelona\/wp-content\/uploads\/sites\/2\/2016\/02\/Nada_TB_6.jpg\"><img loading=\"lazy\" decoding=\"async\" class=\"aligncenter size-full wp-image-9877\" alt=\"Nada_TB_6\" src=\"https:\/\/blog.caritas.barcelona\/wp-content\/uploads\/sites\/2\/2016\/02\/Nada_TB_6.jpg\" width=\"480\" height=\"640\" \/><\/a><\/p>\n<p style=\"text-align: justify\"><a href=\"https:\/\/blog.caritas.barcelona\/wp-content\/uploads\/sites\/2\/2016\/02\/Nada_TB_1.jpg\"><img loading=\"lazy\" decoding=\"async\" class=\"aligncenter size-full wp-image-9875\" alt=\"Nada_TB_1\" src=\"https:\/\/blog.caritas.barcelona\/wp-content\/uploads\/sites\/2\/2016\/02\/Nada_TB_1.jpg\" width=\"480\" height=\"640\" \/><\/a><\/p>\n<p>Para finalizar, montaron un <strong>aperitivo<\/strong> con el apoyo recibido de <strong>Empresas con Coraz\u00f3n<\/strong>, como Aramark, que nos trajo el catering en el centro, y Coca-Cola, que nos dej\u00f3 las bebidas para que todas las familias pudieran disfrutar de la fiesta.<\/p>\n<p>El espacio de la fiesta de Navidad en el Centre Obert marca el cierre del primer trimestre del curso y un momento de encuentro de los educadores, familias y ni\u00f1os y ni\u00f1as.<\/p>\n<p>Con la colaboraci\u00f3n de todos, esto ha sido posible. Muchas gracias al Centre Obert, a las familias, y tambi\u00e9n a <strong><a href=\"http:\/\/www.aramark.es\/\" target=\"_blank\">Aramark<\/a>\u00a0<\/strong>y a <strong>Coca-Cola<\/strong>!<\/p>\n<p style=\"text-align: justify\">\n","protected":false},"excerpt":{"rendered":"<p>En el Centre Obert es tradici\u00f3n, en Navidad, hacer una fiesta con las familias de los ni\u00f1os y ni\u00f1as. Este a\u00f1o asistieron unas 100 personas.<\/p>\n","protected":false},"author":4,"featured_media":0,"comment_status":"open","ping_status":"open","sticky":false,"template":"","format":"standard","meta":{"footnotes":""},"categories":[22],"tags":[202,974,386,975,949],"autor":[36],"class_list":["post-4317","post","type-post","status-publish","format-standard","hentry","category-entidades-con-corazon","tag-aramark","tag-centro-abierto-de-torre-baro","tag-coca-cola","tag-fiesta","tag-navidad","autor-caritas-diocesana-de-barcelona-es"],"aioseo_notices":[],"_links":{"self":[{"href":"https:\/\/blog.caritas.barcelona\/es\/wp-json\/wp\/v2\/posts\/4317","targetHints":{"allow":["GET"]}}],"collection":[{"href":"https:\/\/blog.caritas.barcelona\/es\/wp-json\/wp\/v2\/posts"}],"about":[{"href":"https:\/\/blog.caritas.barcelona\/es\/wp-json\/wp\/v2\/types\/post"}],"author":[{"embeddable":true,"href":"https:\/\/blog.caritas.barcelona\/es\/wp-json\/wp\/v2\/users\/4"}],"replies":[{"embeddable":true,"href":"https:\/\/blog.caritas.barcelona\/es\/wp-json\/wp\/v2\/comments?post=4317"}],"version-history":[{"count":0,"href":"https:\/\/blog.caritas.barcelona\/es\/wp-json\/wp\/v2\/posts\/4317\/revisions"}],"wp:attachment":[{"href":"https:\/\/blog.caritas.barcelona\/es\/wp-json\/wp\/v2\/media?parent=4317"}],"wp:term":[{"taxonomy":"category","embeddable":true,"href":"https:\/\/blog.caritas.barcelona\/es\/wp-json\/wp\/v2\/categories?post=4317"},{"taxonomy":"post_tag","embeddable":true,"href":"https:\/\/blog.caritas.barcelona\/es\/wp-json\/wp\/v2\/tags?post=4317"},{"taxonomy":"autor","embeddable":true,"href":"https:\/\/blog.caritas.barcelona\/es\/wp-json\/wp\/v2\/autor?post=4317"}],"curies":[{"name":"wp","href":"https:\/\/api.w.org\/{rel}","templated":true}]}}