{"id":4315,"date":"2016-01-01T00:00:00","date_gmt":"2015-12-31T23:00:00","guid":{"rendered":"https:\/\/blog.caritas.barcelona\/acogida-y-acompanamiento\/el-gcb-constante-colaboracion-con-caritas\/"},"modified":"2016-01-01T00:00:00","modified_gmt":"2015-12-31T23:00:00","slug":"el-gcb-constante-colaboracion-con-caritas","status":"publish","type":"post","link":"https:\/\/blog.caritas.barcelona\/es\/entidades-con-corazon\/el-gcb-constante-colaboracion-con-caritas\/","title":{"rendered":"El GCB, constante colaboraci\u00f3n con C\u00e1ritas"},"content":{"rendered":"<p>Un a\u00f1o m\u00e1s, el <strong>Gremio de Empresarios de Carniceros y Charcuteros de Barcelona y Provincia<\/strong>, ha ofrecido a C\u00e1ritas una <strong>donaci\u00f3n de carne fresca<\/strong>.<!--more--><\/p>\n<p style=\"text-align: justify\">Durante la Navidad de 2015, el GCB puso numerosas <strong>huchas<\/strong> en las tiendas de sus agremiados y de la comisi\u00f3n de venta del Gordo de Navidad. El dinero recogido se tradujo en <strong>kilos de carne<\/strong>, que fueron destinados a los centros de C\u00e1ritas Diocesana de Barcelona.<\/p>\n<p style=\"text-align: justify\"><a href=\"https:\/\/blog.caritas.barcelona\/wp-content\/uploads\/sites\/2\/2016\/02\/logo-xarcuters.jpg\"><img loading=\"lazy\" decoding=\"async\" class=\"aligncenter size-full wp-image-9853\" alt=\"logo xarcuters\" src=\"https:\/\/blog.caritas.barcelona\/wp-content\/uploads\/sites\/2\/2016\/02\/logo-xarcuters.jpg\" width=\"222\" height=\"120\" \/><\/a><\/p>\n<p style=\"text-align: justify\">Desde C\u00e1ritas queremos dar las gracias a todos los miembros del <a href=\"http:\/\/www.gremicarnissers.com\/es\/\" target=\"_blank\"><strong>GCB<\/strong><\/a>\u00a0por su esfuerzo en ayudarnos. GRACIAS CON CORAZ\u00d3N!!<\/p>\n","protected":false},"excerpt":{"rendered":"<p>Un a\u00f1o m\u00e1s, el Gremio de Empresarios de Carniceros y Charcuteros de Barcelona y Provincia, ha ofrecido a C\u00e1ritas una donaci\u00f3n de carne fresca.<\/p>\n","protected":false},"author":4,"featured_media":0,"comment_status":"open","ping_status":"open","sticky":false,"template":"","format":"standard","meta":{"footnotes":""},"categories":[22],"tags":[62,49,971,972,829,378,973],"autor":[36],"class_list":["post-4315","post","type-post","status-publish","format-standard","hentry","category-entidades-con-corazon","tag-barcelona","tag-caritas","tag-carniceros","tag-charcuteros","tag-donacion","tag-gcb","tag-gremio","autor-caritas-diocesana-de-barcelona-es"],"aioseo_notices":[],"_links":{"self":[{"href":"https:\/\/blog.caritas.barcelona\/es\/wp-json\/wp\/v2\/posts\/4315","targetHints":{"allow":["GET"]}}],"collection":[{"href":"https:\/\/blog.caritas.barcelona\/es\/wp-json\/wp\/v2\/posts"}],"about":[{"href":"https:\/\/blog.caritas.barcelona\/es\/wp-json\/wp\/v2\/types\/post"}],"author":[{"embeddable":true,"href":"https:\/\/blog.caritas.barcelona\/es\/wp-json\/wp\/v2\/users\/4"}],"replies":[{"embeddable":true,"href":"https:\/\/blog.caritas.barcelona\/es\/wp-json\/wp\/v2\/comments?post=4315"}],"version-history":[{"count":0,"href":"https:\/\/blog.caritas.barcelona\/es\/wp-json\/wp\/v2\/posts\/4315\/revisions"}],"wp:attachment":[{"href":"https:\/\/blog.caritas.barcelona\/es\/wp-json\/wp\/v2\/media?parent=4315"}],"wp:term":[{"taxonomy":"category","embeddable":true,"href":"https:\/\/blog.caritas.barcelona\/es\/wp-json\/wp\/v2\/categories?post=4315"},{"taxonomy":"post_tag","embeddable":true,"href":"https:\/\/blog.caritas.barcelona\/es\/wp-json\/wp\/v2\/tags?post=4315"},{"taxonomy":"autor","embeddable":true,"href":"https:\/\/blog.caritas.barcelona\/es\/wp-json\/wp\/v2\/autor?post=4315"}],"curies":[{"name":"wp","href":"https:\/\/api.w.org\/{rel}","templated":true}]}}