{"id":4303,"date":"2016-01-08T00:00:00","date_gmt":"2016-01-07T23:00:00","guid":{"rendered":"https:\/\/blog.caritas.barcelona\/acogida-y-acompanamiento\/compromiso-de-viajes-cum-laude-con-caritas\/"},"modified":"2023-08-15T11:54:34","modified_gmt":"2023-08-15T09:54:34","slug":"compromiso-de-viajes-cum-laude-con-caritas","status":"publish","type":"post","link":"https:\/\/blog.caritas.barcelona\/es\/entidades-con-corazon\/compromiso-de-viajes-cum-laude-con-caritas\/","title":{"rendered":"Compromiso de Viajes Cum Laude con C\u00e1ritas"},"content":{"rendered":"<p>El a\u00f1o 2012 empez\u00f3 la colaboraci\u00f3n de la agencia de <b><a href=\"http:\/\/www.viajescumlaude.es\/viatges-cum-laude\">viajes Cum Laude<\/a><\/b> con C\u00e1ritas diocesana de Barcelona.<\/p>\n<p><!--more--><\/p>\n<p><img loading=\"lazy\" decoding=\"async\" class=\" wp-image-9711 alignleft\" src=\"https:\/\/blog.caritas.barcelona\/wp-content\/uploads\/sites\/2\/2016\/01\/02-catala-fucsiaok1.jpg\" alt=\"02-catala-fucsiaok\" width=\"252\" height=\"73\" \/><\/p>\n<p>Esta agencia mayorista &#8211; minorista que pertenece a la <b><a href=\"http:\/\/www.acave.travel\/es\">Asociaci\u00f3n Catalana de Agencias de Viajes<\/a><\/b> con m\u00e1s de <b>25 a\u00f1os<\/b> de experiencia y m\u00e1s de 30.000 alumnos y docentes de Catalu\u00f1a y del resto del Estado viajan anualmente con Cum Laude, haciendo viajes de fin de curso (por Espa\u00f1a y Europa ) colonias, esquiadas , estancias ling\u00fc\u00edsticas en el extranjero, semanas verdes &#8230;.y a la vez, reciben alumnos de toda Europa para que puedan realizar estancias en familias y en hoteles.<\/p>\n<p>Queremos agradecer a todo el\u00a0<b><a href=\"http:\/\/www.viajescumlaude.es\/viatges-cum-laude\/equip-huma\/\">equipo humano<\/a><\/b>\u00a0de Cum Laude el compromiso continuado con la<b> <a href=\"https:\/\/caritas.barcelona\/es\/programas-de-accion-social\/\">Acci\u00f3n Social de C\u00e1ritas<\/a><\/b>.<\/p>\n<p>\u00a1Gracias por ser una Empresa con Coraz\u00f3n!!!!<\/p>\n","protected":false},"excerpt":{"rendered":"<p>El a\u00f1o 2012 empez\u00f3 la colaboraci\u00f3n de la agencia de viajes Cum Laude con C\u00e1ritas diocesana de Barcelona.<\/p>\n","protected":false},"author":4,"featured_media":0,"comment_status":"closed","ping_status":"closed","sticky":false,"template":"","format":"standard","meta":{"footnotes":""},"categories":[22],"tags":[],"autor":[36],"class_list":["post-4303","post","type-post","status-publish","format-standard","hentry","category-entidades-con-corazon","autor-caritas-diocesana-de-barcelona-es"],"aioseo_notices":[],"_links":{"self":[{"href":"https:\/\/blog.caritas.barcelona\/es\/wp-json\/wp\/v2\/posts\/4303","targetHints":{"allow":["GET"]}}],"collection":[{"href":"https:\/\/blog.caritas.barcelona\/es\/wp-json\/wp\/v2\/posts"}],"about":[{"href":"https:\/\/blog.caritas.barcelona\/es\/wp-json\/wp\/v2\/types\/post"}],"author":[{"embeddable":true,"href":"https:\/\/blog.caritas.barcelona\/es\/wp-json\/wp\/v2\/users\/4"}],"replies":[{"embeddable":true,"href":"https:\/\/blog.caritas.barcelona\/es\/wp-json\/wp\/v2\/comments?post=4303"}],"version-history":[{"count":1,"href":"https:\/\/blog.caritas.barcelona\/es\/wp-json\/wp\/v2\/posts\/4303\/revisions"}],"predecessor-version":[{"id":13064,"href":"https:\/\/blog.caritas.barcelona\/es\/wp-json\/wp\/v2\/posts\/4303\/revisions\/13064"}],"wp:attachment":[{"href":"https:\/\/blog.caritas.barcelona\/es\/wp-json\/wp\/v2\/media?parent=4303"}],"wp:term":[{"taxonomy":"category","embeddable":true,"href":"https:\/\/blog.caritas.barcelona\/es\/wp-json\/wp\/v2\/categories?post=4303"},{"taxonomy":"post_tag","embeddable":true,"href":"https:\/\/blog.caritas.barcelona\/es\/wp-json\/wp\/v2\/tags?post=4303"},{"taxonomy":"autor","embeddable":true,"href":"https:\/\/blog.caritas.barcelona\/es\/wp-json\/wp\/v2\/autor?post=4303"}],"curies":[{"name":"wp","href":"https:\/\/api.w.org\/{rel}","templated":true}]}}