{"id":4298,"date":"2015-12-30T00:00:00","date_gmt":"2015-12-29T23:00:00","guid":{"rendered":"https:\/\/blog.caritas.barcelona\/acogida-y-acompanamiento\/lunet-un-ano-mas-junto-a-caritas\/"},"modified":"2015-12-30T00:00:00","modified_gmt":"2015-12-29T23:00:00","slug":"lunet-un-ano-mas-junto-a-caritas","status":"publish","type":"post","link":"https:\/\/blog.caritas.barcelona\/es\/entidades-con-corazon\/lunet-un-ano-mas-junto-a-caritas\/","title":{"rendered":"Lunet, un a\u00f1o m\u00e1s junto a C\u00e1ritas"},"content":{"rendered":"<p>La empresa<strong> Lunet SL<\/strong> ha reiterado su compromiso con C\u00e1ritas con una <strong>nueva aportaci\u00f3n econ\u00f3mica<\/strong>. Esto se suma a toda una serie de <strong>acciones solidarias<\/strong> que Lunet ha desarrollado a lo largo de este 2015.<!--more--><\/p>\n<p style=\"text-align: center;\"><a href=\"https:\/\/blog.caritas.barcelona\/wp-content\/uploads\/sites\/2\/2015\/12\/Lunet-1-any.jpg\"><img loading=\"lazy\" decoding=\"async\" class=\"aligncenter size-medium wp-image-9632\" alt=\"Lunet 1 any\" src=\"https:\/\/blog.caritas.barcelona\/wp-content\/uploads\/sites\/2\/2015\/12\/Lunet-1-any-560x448.jpg\" width=\"560\" height=\"448\" \/><\/a><\/p>\n<p>En el acto estuvieron presentes por parte de Lunet <strong>Joan Miquel Carmona<\/strong>, director general y <strong>Raimon Miserachs<\/strong>, director comercial, y por parte de C\u00e1ritas Diocesana de Barcelona, <strong>\u200b\u200bSalvador Busquets<\/strong>, director, <strong>Conxita Ribas<\/strong>, coordinadora de Entidades con Coraz\u00f3n, y <strong>Joaquim Gim\u00e9nez<\/strong>, voluntario de Ferias con Coraz\u00f3n.<\/p>\n<p>Adem\u00e1s de esta valiosa donaci\u00f3n, este a\u00f1o 2015 Lunet ha difundido, en su <strong>felicitaci\u00f3n de Navidad<\/strong>, la acci\u00f3n de C\u00e1ritas y la <strong>app &#8220;Punto tras Punto&#8221;<\/strong>. Adem\u00e1s, como ya ha hecho en a\u00f1os anteriores, ha utilizado la <strong>partida presupuestaria reservada para hacer los regalos navide\u00f1os<\/strong> a sus clientes para hacer un donativo a favor de C\u00e1ritas.<\/p>\n<p><a href=\"https:\/\/blog.caritas.barcelona\/wp-content\/uploads\/sites\/2\/2015\/12\/lunet-nadal-caritas.jpg\"><img loading=\"lazy\" decoding=\"async\" class=\"aligncenter size-medium wp-image-9633\" alt=\"popUp_Fase2\" src=\"https:\/\/blog.caritas.barcelona\/wp-content\/uploads\/sites\/2\/2015\/12\/lunet-nadal-caritas-560x296.jpg\" width=\"560\" height=\"296\" \/><\/a><\/p>\n<p>Queremos agradecer de nuevo a <a href=\"http:\/\/www.lunet.es\/\" target=\"_blank\"><strong>Lunet SL<\/strong><\/a>\u00a0su important\u00edsima ayuda durante todo este a\u00f1o. Seguimos sumando juntos. GRACIAS CON CORAZ\u00d3N!!<\/p>\n","protected":false},"excerpt":{"rendered":"<p>La empresa Lunet SL ha reiterado su compromiso con C\u00e1ritas con una nueva aportaci\u00f3n econ\u00f3mica. Esto se suma a toda una serie de acciones solidarias que Lunet ha desarrollado a lo largo de este 2015.<\/p>\n","protected":false},"author":4,"featured_media":0,"comment_status":"open","ping_status":"open","sticky":false,"template":"","format":"standard","meta":{"footnotes":""},"categories":[22],"tags":[173,829,79,949,846],"autor":[36],"class_list":["post-4298","post","type-post","status-publish","format-standard","hentry","category-entidades-con-corazon","tag-173","tag-donacion","tag-lunet","tag-navidad","tag-solidario","autor-caritas-diocesana-de-barcelona-es"],"aioseo_notices":[],"_links":{"self":[{"href":"https:\/\/blog.caritas.barcelona\/es\/wp-json\/wp\/v2\/posts\/4298","targetHints":{"allow":["GET"]}}],"collection":[{"href":"https:\/\/blog.caritas.barcelona\/es\/wp-json\/wp\/v2\/posts"}],"about":[{"href":"https:\/\/blog.caritas.barcelona\/es\/wp-json\/wp\/v2\/types\/post"}],"author":[{"embeddable":true,"href":"https:\/\/blog.caritas.barcelona\/es\/wp-json\/wp\/v2\/users\/4"}],"replies":[{"embeddable":true,"href":"https:\/\/blog.caritas.barcelona\/es\/wp-json\/wp\/v2\/comments?post=4298"}],"version-history":[{"count":0,"href":"https:\/\/blog.caritas.barcelona\/es\/wp-json\/wp\/v2\/posts\/4298\/revisions"}],"wp:attachment":[{"href":"https:\/\/blog.caritas.barcelona\/es\/wp-json\/wp\/v2\/media?parent=4298"}],"wp:term":[{"taxonomy":"category","embeddable":true,"href":"https:\/\/blog.caritas.barcelona\/es\/wp-json\/wp\/v2\/categories?post=4298"},{"taxonomy":"post_tag","embeddable":true,"href":"https:\/\/blog.caritas.barcelona\/es\/wp-json\/wp\/v2\/tags?post=4298"},{"taxonomy":"autor","embeddable":true,"href":"https:\/\/blog.caritas.barcelona\/es\/wp-json\/wp\/v2\/autor?post=4298"}],"curies":[{"name":"wp","href":"https:\/\/api.w.org\/{rel}","templated":true}]}}