{"id":4296,"date":"2015-11-30T00:00:00","date_gmt":"2015-11-29T23:00:00","guid":{"rendered":"https:\/\/blog.caritas.barcelona\/acogida-y-acompanamiento\/la-ffhs-celebra-25-anos\/"},"modified":"2023-08-15T15:57:30","modified_gmt":"2023-08-15T13:57:30","slug":"la-ffhs-celebra-25-anos","status":"publish","type":"post","link":"https:\/\/blog.caritas.barcelona\/es\/entidades-con-corazon\/la-ffhs-celebra-25-anos\/","title":{"rendered":"La FFHS celebra 25 a\u00f1os"},"content":{"rendered":"<p>El pasado 24 de noviembre, la <strong>Fundaci\u00f3 Foment de l\u2019Habitatge Social<\/strong> (FFHS) celebr\u00f3 sus 25 a\u00f1os de existencia con una jornada festiva en el <strong>Museo de Historia de Catalu\u00f1a<\/strong>. Asistieron unas <strong>300 personas<\/strong>.<!--more--><\/p>\n<p>La FFHS, entidad vinculada a C\u00e1ritas Diocesana de Barcelona, \u200b\u200btiene actualmente cerca de <strong>400 pisos de alquiler social<\/strong> (adaptados a la econom\u00eda de cada persona) para que las familias que viven situaciones de pobreza puedan habitarlos y rehacer sus proyectos vitales. Y es que la vivienda es clave para que una persona pueda tener una vida plena y digna.<\/p>\n<p>&nbsp;<\/p>\n<p>As\u00ed lo explicaba <strong>Eva<\/strong>, que vive en uno de estos pisos: &#8220;<strong>Tener un piso me ha cambiado la vida<\/strong>. Antes viv\u00edamos con mi madre, yo y mis dos hijas. Est\u00e1bamos las tres en un espacio muy peque\u00f1o y la convivencia no era nada buena&#8221;. Tambi\u00e9n explic\u00f3 c\u00f3mo el acompa\u00f1amiento que recibe por parte de los profesionales de la Fundaci\u00f3n ha hecho posible que remonte, que se aliente y que vuelva a recuperar las fuerzas y la fe para encaminarse de nuevo a la vida. &#8220;El hecho de que haya <strong>alguien escuch\u00e1ndote y estando a tu lado <\/strong>permanentemente hace que salgas adelante, que no caigas del todo. All\u00ed donde no llegas sabes que siempre hay una mano amiga que te ayuda y te empuja&#8221;, explica.<\/p>\n<p>Desde C\u00e1ritas queremos agradecer al <a href=\"http:\/\/www.es.mhcat.cat\/\" target=\"_blank\" rel=\"noopener\"><strong>Museu d\u2019Hist\u00f2ria de Catalunya<\/strong><\/a>\u00a0que haya acogido esta memorable celebraci\u00f3n, as\u00ed como a las empresas que, con su generosidad, hicieron que posible este evento: el <a href=\"http:\/\/www.festivalinfancia.com\/\" target=\"_blank\" rel=\"noopener\"><strong>Sal\u00f3n de la Inf\u00e0ncia<\/strong><\/a>, por ofrecer numerosas entradas gratuitas para los ni\u00f1os atendidos por la Fundaci\u00f3n; <a href=\"http:\/\/stereorent.com\/\" target=\"_blank\" rel=\"noopener\"><strong>Stereo-rent<\/strong><\/a>, por hacerse cargo de la imagen y el sonido; <a href=\"http:\/\/www.pansgranier.com\/\" target=\"_blank\" rel=\"noopener\"><strong>Pastas Granier<\/strong><\/a>, por ocuparse de la merienda que se sirvi\u00f3; <a href=\"http:\/\/www.cocacola.es\/\" target=\"_blank\" rel=\"noopener\"><strong>Coca-cola<\/strong><\/a>, por las bebidas; y <a href=\"http:\/\/www.lunet.es\/\" target=\"_blank\" rel=\"noopener\"><strong>Lunet<\/strong><\/a>, por hacerse cargo de la limpieza; y a la <a href=\"http:\/\/www.formacioitreball.org\/es\/\" target=\"_blank\" rel=\"noopener\"><strong>Fundaci\u00f3 Formaci\u00f3 i Treball<\/strong><\/a>\u00a0y a sus alumnos del restauraci\u00f3n, que colaboraron en el catering. Felicitamos tambi\u00e9n a la <strong>FFHS<\/strong> por su important\u00edsima tarea.<\/p>\n<p>MUCH\u00cdSIMAS GRACIAS !!<\/p>\n","protected":false},"excerpt":{"rendered":"<p>El pasado 24 de noviembre, la Fundaci\u00f3 Foment de l\u2019Habitatge Social (FFHS) celebr\u00f3 sus 25 a\u00f1os de existencia con una jornada festiva en el Museo de Historia de Catalu\u00f1a. Asistieron unas 300 personas.<\/p>\n","protected":false},"author":4,"featured_media":0,"comment_status":"closed","ping_status":"closed","sticky":false,"template":"","format":"standard","meta":{"footnotes":""},"categories":[22],"tags":[1224,944,822,945,946],"autor":[36],"class_list":["post-4296","post","type-post","status-publish","format-standard","hentry","category-entidades-con-corazon","tag-caritas-es","tag-fhs","tag-fundacion","tag-trabajo","tag-vivienda-social","autor-caritas-diocesana-de-barcelona-es"],"aioseo_notices":[],"_links":{"self":[{"href":"https:\/\/blog.caritas.barcelona\/es\/wp-json\/wp\/v2\/posts\/4296","targetHints":{"allow":["GET"]}}],"collection":[{"href":"https:\/\/blog.caritas.barcelona\/es\/wp-json\/wp\/v2\/posts"}],"about":[{"href":"https:\/\/blog.caritas.barcelona\/es\/wp-json\/wp\/v2\/types\/post"}],"author":[{"embeddable":true,"href":"https:\/\/blog.caritas.barcelona\/es\/wp-json\/wp\/v2\/users\/4"}],"replies":[{"embeddable":true,"href":"https:\/\/blog.caritas.barcelona\/es\/wp-json\/wp\/v2\/comments?post=4296"}],"version-history":[{"count":1,"href":"https:\/\/blog.caritas.barcelona\/es\/wp-json\/wp\/v2\/posts\/4296\/revisions"}],"predecessor-version":[{"id":13151,"href":"https:\/\/blog.caritas.barcelona\/es\/wp-json\/wp\/v2\/posts\/4296\/revisions\/13151"}],"wp:attachment":[{"href":"https:\/\/blog.caritas.barcelona\/es\/wp-json\/wp\/v2\/media?parent=4296"}],"wp:term":[{"taxonomy":"category","embeddable":true,"href":"https:\/\/blog.caritas.barcelona\/es\/wp-json\/wp\/v2\/categories?post=4296"},{"taxonomy":"post_tag","embeddable":true,"href":"https:\/\/blog.caritas.barcelona\/es\/wp-json\/wp\/v2\/tags?post=4296"},{"taxonomy":"autor","embeddable":true,"href":"https:\/\/blog.caritas.barcelona\/es\/wp-json\/wp\/v2\/autor?post=4296"}],"curies":[{"name":"wp","href":"https:\/\/api.w.org\/{rel}","templated":true}]}}