{"id":4290,"date":"2015-11-30T00:00:00","date_gmt":"2015-11-29T23:00:00","guid":{"rendered":"https:\/\/blog.caritas.barcelona\/acogida-y-acompanamiento\/eada-acoge-una-mesa-redonda-de-buenas-practicas-en-rsc\/"},"modified":"2023-10-09T09:53:27","modified_gmt":"2023-10-09T07:53:27","slug":"eada-acoge-una-mesa-redonda-de-buenas-practicas-en-rsc","status":"publish","type":"post","link":"https:\/\/blog.caritas.barcelona\/es\/entidades-con-corazon\/eada-acoge-una-mesa-redonda-de-buenas-practicas-en-rsc\/","title":{"rendered":"EADA acoge una Mesa Redonda de Buenas Pr\u00e1cticas en RSC"},"content":{"rendered":"<p>El pasado 26 de noviembre tuvo lugar, en ingl\u00e9s, una Mesa Redonda de Buenas Pr\u00e1cticas en RSC en la escuela de negocios EADA, dirigida a los alumnos\/as del <strong>Master Business Administration<\/strong> y del <strong>Master in Management<\/strong>.<!--more--><\/p>\n<p>El acto fue presentado y moderado por el Director Acad\u00e9mico, <strong>Sr. Ramon Noguera<\/strong>. <strong>Paco Torras<\/strong>, voluntario de Empresas con Coraz\u00f3n, explic\u00f3 qu\u00e9 es y qu\u00e9 hace C\u00e1ritas Diocesana de Barcelona a trav\u00e9s de Entidades con Coraz\u00f3n. Los ponentes invitados fueron <strong>Jordi Alavedra<\/strong>, Consultor, <strong>Antonina Shutova<\/strong>, Gerente del Centro Comercial El Triangle, y <strong>Jordi Sala<\/strong>, Director de RR HH del Hotel Arts. El acto fue seguido de un extenso y muy interesante coloquio.<\/p>\n<p style=\"text-align: center;\"><img loading=\"lazy\" decoding=\"async\" class=\"aligncenter wp-image-9581 size-medium\" src=\"https:\/\/blog.caritas.barcelona\/wp-content\/uploads\/sites\/2\/2015\/11\/DSC00031-560x373.jpg\" alt=\"_DSC0003\" width=\"560\" height=\"373\" \/><\/p>\n<p style=\"text-align: center;\"><img loading=\"lazy\" decoding=\"async\" class=\"aligncenter size-medium wp-image-9582\" src=\"https:\/\/blog.caritas.barcelona\/wp-content\/uploads\/sites\/2\/2015\/11\/DSC00051-560x373.jpg\" alt=\"_DSC0005\" width=\"560\" height=\"373\" \/><\/p>\n<p>Desde C\u00e1ritas damos las gracias a <a href=\"http:\/\/www.eada.edu\/\" target=\"_blank\" rel=\"noopener\"><strong>EADA<\/strong><\/a>\u00a0por acoger esta Mesa Redonda, y tambi\u00e9n a los tres ponentes invitados por su asistencia. MUCHAS GRACIAS A TODOS!!!<\/p>\n","protected":false},"excerpt":{"rendered":"<p>El pasado 26 de noviembre tuvo lugar, en ingl\u00e9s, una Mesa Redonda de Buenas Pr\u00e1cticas en RSC en la escuela de negocios EADA, dirigida a los alumnos\/as del Master Business Administration y del Master in Management.<\/p>\n","protected":false},"author":4,"featured_media":0,"comment_status":"closed","ping_status":"closed","sticky":false,"template":"","format":"standard","meta":{"footnotes":""},"categories":[22],"tags":[936,2168,937,938,2109,819],"autor":[36],"class_list":["post-4290","post","type-post","status-publish","format-standard","hentry","category-entidades-con-corazon","tag-buenas-practicas","tag-eada-es","tag-escuela-negocios","tag-mesa-redonda","tag-rsc-es","tag-universidades-con-corazon","autor-caritas-diocesana-de-barcelona-es"],"aioseo_notices":[],"_links":{"self":[{"href":"https:\/\/blog.caritas.barcelona\/es\/wp-json\/wp\/v2\/posts\/4290","targetHints":{"allow":["GET"]}}],"collection":[{"href":"https:\/\/blog.caritas.barcelona\/es\/wp-json\/wp\/v2\/posts"}],"about":[{"href":"https:\/\/blog.caritas.barcelona\/es\/wp-json\/wp\/v2\/types\/post"}],"author":[{"embeddable":true,"href":"https:\/\/blog.caritas.barcelona\/es\/wp-json\/wp\/v2\/users\/4"}],"replies":[{"embeddable":true,"href":"https:\/\/blog.caritas.barcelona\/es\/wp-json\/wp\/v2\/comments?post=4290"}],"version-history":[{"count":3,"href":"https:\/\/blog.caritas.barcelona\/es\/wp-json\/wp\/v2\/posts\/4290\/revisions"}],"predecessor-version":[{"id":13236,"href":"https:\/\/blog.caritas.barcelona\/es\/wp-json\/wp\/v2\/posts\/4290\/revisions\/13236"}],"wp:attachment":[{"href":"https:\/\/blog.caritas.barcelona\/es\/wp-json\/wp\/v2\/media?parent=4290"}],"wp:term":[{"taxonomy":"category","embeddable":true,"href":"https:\/\/blog.caritas.barcelona\/es\/wp-json\/wp\/v2\/categories?post=4290"},{"taxonomy":"post_tag","embeddable":true,"href":"https:\/\/blog.caritas.barcelona\/es\/wp-json\/wp\/v2\/tags?post=4290"},{"taxonomy":"autor","embeddable":true,"href":"https:\/\/blog.caritas.barcelona\/es\/wp-json\/wp\/v2\/autor?post=4290"}],"curies":[{"name":"wp","href":"https:\/\/api.w.org\/{rel}","templated":true}]}}