{"id":4286,"date":"2015-11-14T00:00:00","date_gmt":"2015-11-13T23:00:00","guid":{"rendered":"https:\/\/blog.caritas.barcelona\/acogida-y-acompanamiento\/el-club-turo-blanc-reconocido-como-club-con-corazon\/"},"modified":"2015-11-14T00:00:00","modified_gmt":"2015-11-13T23:00:00","slug":"el-club-turo-blanc-reconocido-como-club-con-corazon","status":"publish","type":"post","link":"https:\/\/blog.caritas.barcelona\/es\/entidades-con-corazon\/el-club-turo-blanc-reconocido-como-club-con-corazon\/","title":{"rendered":"El Club Tur\u00f3 Blanc, reconocido como Club con Coraz\u00f3n"},"content":{"rendered":"<p>La entrega de la <strong>placa<\/strong> tuvo lugar el pasado 11 de noviembre, durante el <a href=\"http:\/\/entitatsambcor.org\/?p=9493&amp;lang=es\" target=\"_blank\"><strong>encuentro de evaluaci\u00f3n de los campus de verano 2015<\/strong><\/a>.<!--more--><\/p>\n<p>Al inicio del encuentro se hizo la entrega de la <strong>placa de Club con Coraz\u00f3n<\/strong> al Club Tur\u00f3 Blanc, ya que, durante los \u00faltimos a\u00f1os, ha colaborado insertando ni\u00f1os y ni\u00f1as a las actividades de verano del club, participando as\u00ed en los campus que promueve C\u00e1ritas Diocesana de Barcelona para los ni\u00f1os que atiende.<\/p>\n<p style=\"text-align: center;\"><a href=\"https:\/\/blog.caritas.barcelona\/wp-content\/uploads\/sites\/2\/2015\/11\/placa-turo-blanc.png\"><img loading=\"lazy\" decoding=\"async\" class=\"alignnone size-medium wp-image-9501\" alt=\"placa turo blanc\" src=\"https:\/\/blog.caritas.barcelona\/wp-content\/uploads\/sites\/2\/2015\/11\/placa-turo-blanc-560x348.png\" width=\"560\" height=\"348\" \/><\/a><\/p>\n<p>Queremos agradecer de todo coraz\u00f3n la gran disposici\u00f3n del <a href=\"http:\/\/turoblanc.com\/\" target=\"_blank\"><strong>Club Tur\u00f3 Blanc<\/strong><\/a>\u00a0para ayudarnos a que los ni\u00f1os atendidos por C\u00e1ritas puedan disfrutar de un verano mejor. MUCHAS GRACIAS!!<\/p>\n<p>&nbsp;<\/p>\n<p style=\"text-align: center;\"><a href=\"https:\/\/blog.caritas.barcelona\/wp-content\/uploads\/sites\/2\/2015\/11\/turo-blanc-logo.png\"><img loading=\"lazy\" decoding=\"async\" class=\"alignnone size-full wp-image-9500\" alt=\"turo blanc logo\" src=\"https:\/\/blog.caritas.barcelona\/wp-content\/uploads\/sites\/2\/2015\/11\/turo-blanc-logo.png\" width=\"286\" height=\"70\" \/><\/a><\/p>\n<p style=\"text-align: center;\">\n","protected":false},"excerpt":{"rendered":"<p>La entrega de la placa tuvo lugar el pasado 11 de noviembre, durante el encuentro de evaluaci\u00f3n de los campus de verano 2015.<\/p>\n","protected":false},"author":4,"featured_media":0,"comment_status":"closed","ping_status":"closed","sticky":false,"template":"","format":"standard","meta":{"footnotes":""},"categories":[22],"tags":[930,144,803,931],"autor":[36],"class_list":["post-4286","post","type-post","status-publish","format-standard","hentry","category-entidades-con-corazon","tag-club-con-corazon","tag-placa","tag-tenis","tag-turo-blanc","autor-caritas-diocesana-de-barcelona-es"],"aioseo_notices":[],"_links":{"self":[{"href":"https:\/\/blog.caritas.barcelona\/es\/wp-json\/wp\/v2\/posts\/4286","targetHints":{"allow":["GET"]}}],"collection":[{"href":"https:\/\/blog.caritas.barcelona\/es\/wp-json\/wp\/v2\/posts"}],"about":[{"href":"https:\/\/blog.caritas.barcelona\/es\/wp-json\/wp\/v2\/types\/post"}],"author":[{"embeddable":true,"href":"https:\/\/blog.caritas.barcelona\/es\/wp-json\/wp\/v2\/users\/4"}],"replies":[{"embeddable":true,"href":"https:\/\/blog.caritas.barcelona\/es\/wp-json\/wp\/v2\/comments?post=4286"}],"version-history":[{"count":0,"href":"https:\/\/blog.caritas.barcelona\/es\/wp-json\/wp\/v2\/posts\/4286\/revisions"}],"wp:attachment":[{"href":"https:\/\/blog.caritas.barcelona\/es\/wp-json\/wp\/v2\/media?parent=4286"}],"wp:term":[{"taxonomy":"category","embeddable":true,"href":"https:\/\/blog.caritas.barcelona\/es\/wp-json\/wp\/v2\/categories?post=4286"},{"taxonomy":"post_tag","embeddable":true,"href":"https:\/\/blog.caritas.barcelona\/es\/wp-json\/wp\/v2\/tags?post=4286"},{"taxonomy":"autor","embeddable":true,"href":"https:\/\/blog.caritas.barcelona\/es\/wp-json\/wp\/v2\/autor?post=4286"}],"curies":[{"name":"wp","href":"https:\/\/api.w.org\/{rel}","templated":true}]}}