{"id":4285,"date":"2015-11-13T00:00:00","date_gmt":"2015-11-12T23:00:00","guid":{"rendered":"https:\/\/blog.caritas.barcelona\/acogida-y-acompanamiento\/encuentro-de-evaluacion-de-los-campus-de-verano-2015\/"},"modified":"2015-11-13T00:00:00","modified_gmt":"2015-11-12T23:00:00","slug":"encuentro-de-evaluacion-de-los-campus-de-verano-2015","status":"publish","type":"post","link":"https:\/\/blog.caritas.barcelona\/es\/entidades-con-corazon\/encuentro-de-evaluacion-de-los-campus-de-verano-2015\/","title":{"rendered":"Encuentro de evaluaci\u00f3n de los campus de verano 2015"},"content":{"rendered":"<p>Se celebr\u00f3 el pasado mi\u00e9rcoles 11 de noviembre en el <strong>Real Club de Polo de Barcelona<\/strong>.<!--more--><\/p>\n<p>En este encuentro anual de evaluaci\u00f3n participaron los <strong>Clubes con Coraz\u00f3n<\/strong> y los <strong>trabajadores sociales<\/strong> que han insertado y acompa\u00f1ado ni\u00f1os\/as atendidos por C\u00e1ritas a lo largo de este \u00faltimo verano de 2015.<\/p>\n<p style=\"text-align: center;\"><a href=\"https:\/\/blog.caritas.barcelona\/wp-content\/uploads\/sites\/2\/2015\/11\/IMG_3591.jpg\"><img loading=\"lazy\" decoding=\"async\" class=\" wp-image-9489 aligncenter\" alt=\"IMG_3591\" src=\"https:\/\/blog.caritas.barcelona\/wp-content\/uploads\/sites\/2\/2015\/11\/IMG_3591.jpg\" width=\"576\" height=\"432\" \/><\/a><\/p>\n<p>Queremos dar las gracias a los <a href=\"http:\/\/entitatsambcor.org\/?page_id=668&amp;lang=es\" target=\"_blank\"><strong>Clubes con Coraz\u00f3n<\/strong><\/a>\u00a0y a sus voluntarios por todo lo que hacen por los ni\u00f1os\/as atendidos por C\u00e1ritas y tambi\u00e9n queremos agradecer al <a href=\"https:\/\/www.rcpolo.com\/\" target=\"_blank\"><strong>Real Club de Polo<\/strong><\/a>\u00a0su disposici\u00f3n para acoger este encuentro. GRACIAS CON CORAZ\u00d3N!<\/p>\n","protected":false},"excerpt":{"rendered":"<p>Se celebr\u00f3 el pasado mi\u00e9rcoles 11 de noviembre en el Real Club de Polo de Barcelona.<\/p>\n","protected":false},"author":4,"featured_media":0,"comment_status":"closed","ping_status":"closed","sticky":false,"template":"","format":"standard","meta":{"footnotes":""},"categories":[22],"tags":[866,49,823,92,929],"autor":[36],"class_list":["post-4285","post","type-post","status-publish","format-standard","hentry","category-entidades-con-corazon","tag-campus","tag-caritas","tag-ninos","tag-real-club-de-polo","tag-verano","autor-caritas-diocesana-de-barcelona-es"],"aioseo_notices":[],"_links":{"self":[{"href":"https:\/\/blog.caritas.barcelona\/es\/wp-json\/wp\/v2\/posts\/4285","targetHints":{"allow":["GET"]}}],"collection":[{"href":"https:\/\/blog.caritas.barcelona\/es\/wp-json\/wp\/v2\/posts"}],"about":[{"href":"https:\/\/blog.caritas.barcelona\/es\/wp-json\/wp\/v2\/types\/post"}],"author":[{"embeddable":true,"href":"https:\/\/blog.caritas.barcelona\/es\/wp-json\/wp\/v2\/users\/4"}],"replies":[{"embeddable":true,"href":"https:\/\/blog.caritas.barcelona\/es\/wp-json\/wp\/v2\/comments?post=4285"}],"version-history":[{"count":0,"href":"https:\/\/blog.caritas.barcelona\/es\/wp-json\/wp\/v2\/posts\/4285\/revisions"}],"wp:attachment":[{"href":"https:\/\/blog.caritas.barcelona\/es\/wp-json\/wp\/v2\/media?parent=4285"}],"wp:term":[{"taxonomy":"category","embeddable":true,"href":"https:\/\/blog.caritas.barcelona\/es\/wp-json\/wp\/v2\/categories?post=4285"},{"taxonomy":"post_tag","embeddable":true,"href":"https:\/\/blog.caritas.barcelona\/es\/wp-json\/wp\/v2\/tags?post=4285"},{"taxonomy":"autor","embeddable":true,"href":"https:\/\/blog.caritas.barcelona\/es\/wp-json\/wp\/v2\/autor?post=4285"}],"curies":[{"name":"wp","href":"https:\/\/api.w.org\/{rel}","templated":true}]}}